{"id":30646,"date":"2026-04-29T23:35:05","date_gmt":"2026-04-29T23:35:05","guid":{"rendered":"https:\/\/eskigazeteci.com\/?p=30646"},"modified":"2026-04-29T23:35:05","modified_gmt":"2026-04-29T23:35:05","slug":"ordu-buyuksehir-belediye-baskani-mehmet-hilmi-guler-hastaneye-kaldirildi","status":"publish","type":"post","link":"https:\/\/eskigazeteci.com\/?p=30646","title":{"rendered":"Ordu B\u00fcy\u00fck\u015fehir Belediye Ba\u015fkan\u0131 Mehmet Hilmi G\u00fcler Hastaneye Kald\u0131r\u0131ld\u0131"},"content":{"rendered":"<p>Ordu&#x27;nun Alt\u0131nordu il\u00e7esinde ya\u015fanan olayda, kalp rahats\u0131zl\u0131\u011f\u0131 ge\u00e7irdi\u011fi \u00f6\u011frenilen B\u00fcy\u00fck\u015fehir Belediye Ba\u015fkan\u0131 Mehmet Hilmi G\u00fcler&#x27;e ilk m\u00fcdahale, Medical Park Ordu Hastanesi&#x27;de yap\u0131ld\u0131. Ba\u015fkan G\u00fcler&#x27;in tedavisinin kendi iste\u011fi do\u011frultusunda \u0130stanbul&#x27;a sevk edildi, hava ambulans\u0131 ile. Sa\u011fl\u0131k Bakanl\u0131\u011f\u0131 taraf\u0131ndan temin edilen bu durum, resmi a\u00e7\u0131klamalar\u0131n yap\u0131lmas\u0131 bekleniyor.<\/p>\n","protected":false},"excerpt":{"rendered":"<p>G\u00fcler, ilk m\u00fcdahalesinin ard\u0131ndan Sa\u011fl\u0131k Bakanl\u0131\u011f\u0131 taraf\u0131ndan&#8230;<\/p>\n","protected":false},"author":2,"featured_media":30645,"comment_status":"open","ping_status":"open","sticky":false,"template":"","format":"standard","meta":{"footnotes":""},"categories":[6,5],"tags":[],"class_list":["post-30646","post","type-post","status-publish","format-standard","has-post-thumbnail","hentry","category-gundem","category-son-dakika"],"_links":{"self":[{"href":"https:\/\/eskigazeteci.com\/index.php?rest_route=\/wp\/v2\/posts\/30646","targetHints":{"allow":["GET"]}}],"collection":[{"href":"https:\/\/eskigazeteci.com\/index.php?rest_route=\/wp\/v2\/posts"}],"about":[{"href":"https:\/\/eskigazeteci.com\/index.php?rest_route=\/wp\/v2\/types\/post"}],"author":[{"embeddable":true,"href":"https:\/\/eskigazeteci.com\/index.php?rest_route=\/wp\/v2\/users\/2"}],"replies":[{"embeddable":true,"href":"https:\/\/eskigazeteci.com\/index.php?rest_route=%2Fwp%2Fv2%2Fcomments&post=30646"}],"version-history":[{"count":0,"href":"https:\/\/eskigazeteci.com\/index.php?rest_route=\/wp\/v2\/posts\/30646\/revisions"}],"wp:featuredmedia":[{"embeddable":true,"href":"https:\/\/eskigazeteci.com\/index.php?rest_route=\/wp\/v2\/media\/30645"}],"wp:attachment":[{"href":"https:\/\/eskigazeteci.com\/index.php?rest_route=%2Fwp%2Fv2%2Fmedia&parent=30646"}],"wp:term":[{"taxonomy":"category","embeddable":true,"href":"https:\/\/eskigazeteci.com\/index.php?rest_route=%2Fwp%2Fv2%2Fcategories&post=30646"},{"taxonomy":"post_tag","embeddable":true,"href":"https:\/\/eskigazeteci.com\/index.php?rest_route=%2Fwp%2Fv2%2Ftags&post=30646"}],"curies":[{"name":"wp","href":"https:\/\/api.w.org\/{rel}","templated":true}]}}