{"id":30618,"date":"2026-04-29T19:06:44","date_gmt":"2026-04-29T19:06:44","guid":{"rendered":"https:\/\/eskigazeteci.com\/?p=30618"},"modified":"2026-04-29T19:06:44","modified_gmt":"2026-04-29T19:06:44","slug":"kremlin-acikladi-putin-ile-trump-iran-basra-korfezi-ve-ukraynadaki-son-durumu-gorustu","status":"publish","type":"post","link":"https:\/\/eskigazeteci.com\/?p=30618","title":{"rendered":"Kremlin a\u00e7\u0131klad\u0131\u2026 Putin ile Trump, \u0130ran, Basra K\u00f6rfezi ve Ukrayna&#8217;daki son durumu g\u00f6r\u00fc\u015ft\u00fc"},"content":{"rendered":"<p>U\u015fakov, ba\u015fkent Moskova&#x27;da gazetecilere yapt\u0131\u011f\u0131 a\u00e7\u0131klamada, Rus taraf\u0131n\u0131n talebi \u00fczerine Putin ile Trump aras\u0131nda telefon g\u00f6r\u00fc\u015fmesi yap\u0131ld\u0131\u011f\u0131n\u0131 belirtti.<\/p>\n<p>G\u00f6r\u00fc\u015fmenin 1,5 saatten fazla saat s\u00fcrd\u00fc\u011f\u00fcn\u00fc, i\u015f odakl\u0131 ve yap\u0131c\u0131 oldu\u011funu aktaran U\u015fakov, Putin&#x27;in, ger\u00e7ekle\u015ftirilen suikast giri\u015fimiyle ilgili olarak Trump&#x27;\u0131 destekledi\u011fini s\u00f6yleyerek &quot;Rus lider, bu giri\u015fimi \u015fiddetle k\u0131nayarak, her t\u00fcrl\u00fc siyasi ama\u00e7la uygulanan \u015fiddetin kabul edilemez oldu\u011funu vurgulad\u0131.&quot; dedi.<\/p>\n<p>\u201c\u0130RAN\u2019A KAR\u015eI KARA HAREKATI TEHL\u0130KEL\u0130\u201d<\/p>\n<p>U\u00e7akov, iki liderin uluslararas\u0131 konulardan daha fazla \u0130ran ve Basra K\u00f6rfezi&#x27;ndeki duruma odakland\u0131\u011f\u0131n\u0131 aktararak, \u015fu ifadeleri kulland\u0131:<\/p>\n<p>&quot;Putin, Trump&#x27;\u0131n \u0130ran&#x27;la ate\u015fkesi uzatma karar\u0131n\u0131n do\u011fru oldu\u011funu d\u00fc\u015f\u00fcn\u00fcyor. Bu, m\u00fczakereler i\u00e7in f\u0131rsat sa\u011flayacak ve genel olarak durumun istikrara kavu\u015fmas\u0131na yard\u0131mc\u0131 olacak. Putin, ABD ve \u0130srail&#x27;in yeniden askeri g\u00fc\u00e7 kullanmaya ba\u015flamas\u0131 durumunda, bunun sadece \u0130ran ve kom\u015fu \u00fclkeleri i\u00e7in de\u011fil, t\u00fcm uluslararas\u0131 toplum i\u00e7in de ka\u00e7\u0131n\u0131lmaz ve son derece y\u0131k\u0131c\u0131 sonu\u00e7lar do\u011furaca\u011f\u0131na belirtti. Elbette, \u0130ran&#x27;a kar\u015f\u0131 karadan operasyon d\u00fczenleme se\u00e7ene\u011finin kesinlikle kabul edilemez ve tehlikeli oldu\u011fu g\u00f6r\u00fcl\u00fcyor.&quot;<\/p>\n<p>Rusya&#x27;n\u0131n durumun bar\u0131\u015f\u00e7\u0131l&#8230;<\/p>\n","protected":false},"excerpt":{"rendered":"<p>Kremlin D\u0131\u015f Politika Dan\u0131\u015fman\u0131 Yuriy U\u015fakov, Rusya Devlet Ba\u015fkan\u0131 Vladimir Putin ile ABD Ba\u015fkan\u0131 Donald Trump&#8217;\u0131n, yapt\u0131klar\u0131 telefon g\u00f6r\u00fc\u015fmesinde \u0130ran,&#8230;<\/p>\n","protected":false},"author":2,"featured_media":30617,"comment_status":"open","ping_status":"open","sticky":false,"template":"","format":"standard","meta":{"footnotes":""},"categories":[8,6,5],"tags":[],"class_list":["post-30618","post","type-post","status-publish","format-standard","has-post-thumbnail","hentry","category-arsiv","category-gundem","category-son-dakika"],"_links":{"self":[{"href":"https:\/\/eskigazeteci.com\/index.php?rest_route=\/wp\/v2\/posts\/30618","targetHints":{"allow":["GET"]}}],"collection":[{"href":"https:\/\/eskigazeteci.com\/index.php?rest_route=\/wp\/v2\/posts"}],"about":[{"href":"https:\/\/eskigazeteci.com\/index.php?rest_route=\/wp\/v2\/types\/post"}],"author":[{"embeddable":true,"href":"https:\/\/eskigazeteci.com\/index.php?rest_route=\/wp\/v2\/users\/2"}],"replies":[{"embeddable":true,"href":"https:\/\/eskigazeteci.com\/index.php?rest_route=%2Fwp%2Fv2%2Fcomments&post=30618"}],"version-history":[{"count":0,"href":"https:\/\/eskigazeteci.com\/index.php?rest_route=\/wp\/v2\/posts\/30618\/revisions"}],"wp:featuredmedia":[{"embeddable":true,"href":"https:\/\/eskigazeteci.com\/index.php?rest_route=\/wp\/v2\/media\/30617"}],"wp:attachment":[{"href":"https:\/\/eskigazeteci.com\/index.php?rest_route=%2Fwp%2Fv2%2Fmedia&parent=30618"}],"wp:term":[{"taxonomy":"category","embeddable":true,"href":"https:\/\/eskigazeteci.com\/index.php?rest_route=%2Fwp%2Fv2%2Fcategories&post=30618"},{"taxonomy":"post_tag","embeddable":true,"href":"https:\/\/eskigazeteci.com\/index.php?rest_route=%2Fwp%2Fv2%2Ftags&post=30618"}],"curies":[{"name":"wp","href":"https:\/\/api.w.org\/{rel}","templated":true}]}}