{"id":30616,"date":"2026-04-29T19:05:10","date_gmt":"2026-04-29T19:05:10","guid":{"rendered":"https:\/\/eskigazeteci.com\/?p=30616"},"modified":"2026-04-29T19:05:10","modified_gmt":"2026-04-29T19:05:10","slug":"al","status":"publish","type":"post","link":"https:\/\/eskigazeteci.com\/?p=30616","title":{"rendered":"Al"},"content":{"rendered":"<p>Fenerbah\u00e7e &#x27;de s\u0131k s\u0131k ele\u015ftirilerin hedefi olan Youssef En-Nesyri, devre aras\u0131 transfer d\u00f6neminde 15 milyon euro bonservis bedeli ve N&#x27;Golo Kante&#x27;nin bonservisi kar\u015f\u0131l\u0131\u011f\u0131nda Suudi Arabistan Pro Lig ekiplerinden Al-Ittihad&#x27;a transfer olmu\u015ftu.<\/p>\n<p>ALI\u015eMA S\u00dcREC\u0130N\u0130 ATLATTI<\/p>\n<p>Benzema&#x27;n\u0131n ayr\u0131l\u0131\u011f\u0131 sonras\u0131nda tak\u0131m\u0131n as santrforu olan En-Nesyri, k\u0131sa bir al\u0131\u015fma s\u00fcrecinin ard\u0131ndan Suudi Arabistan Ligi &#x27;ne a\u011f\u0131rl\u0131\u011f\u0131n\u0131 koymaya ba\u015flad\u0131.<\/p>\n<p>Pro Lig&#x27;in 30. haftas\u0131nda Al-Taawoun&#x27;a konuk olan Al-Ittihad, zorlu deplasmandan 2-0 galip ayr\u0131l\u0131rken tak\u0131m\u0131n ikinci gol\u00fc En-Nesyri&#x27;den geldi.<\/p>\n<p>\u26bd Youssef En-Nesyri, Al-Ittihad formas\u0131yla \u00e7\u0131kt\u0131\u011f\u0131 14. ma\u00e7ta 7. gol\u00fcn\u00fc att\u0131. pic.twitter.com\/fOQFBD9RCY<\/p>\n<p>14 MA\u00c7TA 7 GOLE ULA\u015eTI<\/p>\n<p>Oynad\u0131\u011f\u0131 son 4 lig ma\u00e7\u0131nda 4 gol kaydeden En-Nesyri, toplamda ise 14 ma\u00e7ta 7 gole ula\u015farak &#x27;iki ma\u00e7ta bir gol&#x27; ortalamas\u0131 yakalad\u0131.<\/p>\n<p>T\u00fcrkiye&#x27;den ve D\u00fcnya\u2019dan son dakika haberleri, k\u00f6\u015fe yaz\u0131lar\u0131, magazinden siyasete, spordan seyahate b\u00fct\u00fcn konular\u0131n tek adresi Hurriyet.com.tr haber i\u00e7erikleri izin al\u0131nmadan, kaynak g\u00f6sterilerek dahi iktibas edilemez. Kanuna ayk\u0131r\u0131 ve izinsiz olarak kopyalanamaz, ba\u015fka yerde yay\u0131nlanamaz.<\/p>\n","protected":false},"excerpt":{"rendered":"<p>Ara transfer d\u00f6neminde Fenerbah\u00e7e&#8217;den ayr\u0131larak Al-Ittihad&#8217;\u0131n yolunu tutan Fasl\u0131 golc\u00fc Youssef En-Nesyri, Suudi kul\u00fcb\u00fcnde &#8216;iki ma\u00e7ta bir gol&#8217; ortalamas\u0131&#8230;<\/p>\n","protected":false},"author":2,"featured_media":30615,"comment_status":"open","ping_status":"open","sticky":false,"template":"","format":"standard","meta":{"footnotes":""},"categories":[8,5,7],"tags":[],"class_list":["post-30616","post","type-post","status-publish","format-standard","has-post-thumbnail","hentry","category-arsiv","category-son-dakika","category-spor"],"_links":{"self":[{"href":"https:\/\/eskigazeteci.com\/index.php?rest_route=\/wp\/v2\/posts\/30616","targetHints":{"allow":["GET"]}}],"collection":[{"href":"https:\/\/eskigazeteci.com\/index.php?rest_route=\/wp\/v2\/posts"}],"about":[{"href":"https:\/\/eskigazeteci.com\/index.php?rest_route=\/wp\/v2\/types\/post"}],"author":[{"embeddable":true,"href":"https:\/\/eskigazeteci.com\/index.php?rest_route=\/wp\/v2\/users\/2"}],"replies":[{"embeddable":true,"href":"https:\/\/eskigazeteci.com\/index.php?rest_route=%2Fwp%2Fv2%2Fcomments&post=30616"}],"version-history":[{"count":0,"href":"https:\/\/eskigazeteci.com\/index.php?rest_route=\/wp\/v2\/posts\/30616\/revisions"}],"wp:featuredmedia":[{"embeddable":true,"href":"https:\/\/eskigazeteci.com\/index.php?rest_route=\/wp\/v2\/media\/30615"}],"wp:attachment":[{"href":"https:\/\/eskigazeteci.com\/index.php?rest_route=%2Fwp%2Fv2%2Fmedia&parent=30616"}],"wp:term":[{"taxonomy":"category","embeddable":true,"href":"https:\/\/eskigazeteci.com\/index.php?rest_route=%2Fwp%2Fv2%2Fcategories&post=30616"},{"taxonomy":"post_tag","embeddable":true,"href":"https:\/\/eskigazeteci.com\/index.php?rest_route=%2Fwp%2Fv2%2Ftags&post=30616"}],"curies":[{"name":"wp","href":"https:\/\/api.w.org\/{rel}","templated":true}]}}