{"id":30614,"date":"2026-04-29T18:46:41","date_gmt":"2026-04-29T18:46:41","guid":{"rendered":"https:\/\/eskigazeteci.com\/?p=30614"},"modified":"2026-04-29T18:46:41","modified_gmt":"2026-04-29T18:46:41","slug":"bakan-bayraktar-ozel-kusura-bakmayin-ama-bu-konuda-bildiginiz-hicbir-sey-yok","status":"publish","type":"post","link":"https:\/\/eskigazeteci.com\/?p=30614","title":{"rendered":"Bakan Bayraktar: \u00d6zel, kusura bakmay\u0131n ama bu konuda bildi\u011finiz hi\u00e7bir \u015fey yok"},"content":{"rendered":"<p>Enerji ve Tabii Kaynaklar Bakan\u0131 Alparslan Bayraktar , sanal medya hesab\u0131ndan \u00d6zg\u00fcr \u00d6zel&#x27;in s\u00f6ylemlerine ili\u015fkin a\u00e7\u0131klama yapt\u0131. \u00d6zel, &quot;&#x27;Bildi\u011fimiz bir \u015fey var karde\u015fim&#x27; diyorsunuz ya \u00d6zg\u00fcr \u00d6zel; kusura bakmay\u0131n ama bu konuda bildi\u011finiz hi\u00e7bir \u015fey yok. \u00c7\u00fcnk\u00fc bug\u00fcn yine madencilik hukukunu, ruhsat s\u00fcre\u00e7lerini, izin mekanizmalar\u0131n\u0131 ve devletin denetim sorumlulu\u011funu birbirine kar\u0131\u015ft\u0131rarak a\u00e7\u0131k bir karalamaya imza att\u0131n\u0131z. D\u00fcn maden ruhsat say\u0131lar\u0131n\u0131 resmi kaynaklarla a\u00e7\u0131k\u00e7a bildirmemize ra\u011fmen g\u00f6z g\u00f6re g\u00f6re verileri \u00e7arp\u0131tmaya devam ediyorsunuz. Bug\u00fcn y\u00fcr\u00fcrl\u00fckte olan ruhsat say\u0131lar\u0131n\u0131 bile isteye abartarak &#x27;Kara d\u00fczen&#x27; diye pazarlamaya \u00e7al\u0131\u015ft\u0131\u011f\u0131n\u0131z tablo, sizin uhdenizdeki belediyelerinizin aynadaki yans\u0131mas\u0131d\u0131r. As\u0131l &#x27;Kara d\u00fczen&#x27; sizin yan\u0131n\u0131zda, y\u00f6renizde, etraf\u0131n\u0131zda \u015fekillenmektedir. Say\u0131n Berat Albayrak d\u00f6nemi \u00fczerinden kurmaya \u00e7al\u0131\u015ft\u0131\u011f\u0131n\u0131z ucuz siyasi kurgu ise ayr\u0131 bir haz\u0131ms\u0131zl\u0131\u011f\u0131n \u00fcr\u00fcn\u00fcd\u00fcr&quot; ifadelerini kulland\u0131.<\/p>\n<p>&#x27;MADENC\u0130LER\u0130M\u0130Z\u0130N \u00c7ALI\u015eMA G\u00dcVENL\u0130\u011e\u0130N\u0130 KORUMAK \u0130\u00c7\u0130N YAPTIRIM MEKAN\u0130ZMALARINI KARARLILIKLA \u0130\u015eLETMEYE DEVAM ED\u0130YORUZ&#x27;<\/p>\n<p>Bakan Bayraktar, \u00d6zg\u00fcr \u00d6zel &#x27;in, T\u00fcrkiye\u2019nin enerji ve madencilik alan\u0131nda yerlile\u015fme, kaynaklar\u0131n\u0131 ekonomiye kazand\u0131rma ve d\u0131\u015fa ba\u011f\u0131ml\u0131l\u0131\u011f\u0131 azaltma&#8230;<\/p>\n","protected":false},"excerpt":{"rendered":"<p>Enerji ve Tabii Kaynaklar Bakan\u0131 Alparslan Bayraktar, &#8216;Bildi\u011fimiz bir \u015fey var karde\u015fim&#8217; diyorsunuz ya \u00d6zg\u00fcr \u00d6zel; kusura bakmay\u0131n ama bu konuda bildi\u011finiz&#8230;<\/p>\n","protected":false},"author":2,"featured_media":30613,"comment_status":"open","ping_status":"open","sticky":false,"template":"","format":"standard","meta":{"footnotes":""},"categories":[8,6,5],"tags":[],"class_list":["post-30614","post","type-post","status-publish","format-standard","has-post-thumbnail","hentry","category-arsiv","category-gundem","category-son-dakika"],"_links":{"self":[{"href":"https:\/\/eskigazeteci.com\/index.php?rest_route=\/wp\/v2\/posts\/30614","targetHints":{"allow":["GET"]}}],"collection":[{"href":"https:\/\/eskigazeteci.com\/index.php?rest_route=\/wp\/v2\/posts"}],"about":[{"href":"https:\/\/eskigazeteci.com\/index.php?rest_route=\/wp\/v2\/types\/post"}],"author":[{"embeddable":true,"href":"https:\/\/eskigazeteci.com\/index.php?rest_route=\/wp\/v2\/users\/2"}],"replies":[{"embeddable":true,"href":"https:\/\/eskigazeteci.com\/index.php?rest_route=%2Fwp%2Fv2%2Fcomments&post=30614"}],"version-history":[{"count":0,"href":"https:\/\/eskigazeteci.com\/index.php?rest_route=\/wp\/v2\/posts\/30614\/revisions"}],"wp:featuredmedia":[{"embeddable":true,"href":"https:\/\/eskigazeteci.com\/index.php?rest_route=\/wp\/v2\/media\/30613"}],"wp:attachment":[{"href":"https:\/\/eskigazeteci.com\/index.php?rest_route=%2Fwp%2Fv2%2Fmedia&parent=30614"}],"wp:term":[{"taxonomy":"category","embeddable":true,"href":"https:\/\/eskigazeteci.com\/index.php?rest_route=%2Fwp%2Fv2%2Fcategories&post=30614"},{"taxonomy":"post_tag","embeddable":true,"href":"https:\/\/eskigazeteci.com\/index.php?rest_route=%2Fwp%2Fv2%2Ftags&post=30614"}],"curies":[{"name":"wp","href":"https:\/\/api.w.org\/{rel}","templated":true}]}}