{"id":30612,"date":"2026-04-29T18:45:08","date_gmt":"2026-04-29T18:45:08","guid":{"rendered":"https:\/\/eskigazeteci.com\/?p=30612"},"modified":"2026-04-29T18:45:08","modified_gmt":"2026-04-29T18:45:08","slug":"kozanda-sel-faciasi-akintiya-kapilan-aracta-can-pazari-2-kisiden-biri-hayatini-kaybetti","status":"publish","type":"post","link":"https:\/\/eskigazeteci.com\/?p=30612","title":{"rendered":"Kozan\u2019da sel facias\u0131\u2026 Ak\u0131nt\u0131ya kap\u0131lan ara\u00e7ta can pazar\u0131: 2 ki\u015fiden biri hayat\u0131n\u0131 kaybetti"},"content":{"rendered":"<p>Ak\u015fam saatlerinde il\u00e7ede etkisini art\u0131ran sa\u011fanak ve dolu ya\u011f\u0131\u015f\u0131 sonras\u0131 Tabak Deresi ta\u015ft\u0131. Ta\u015fk\u0131n\u0131n etkisiyle Bucak yolu \u00fczerindeki Karabuza\u011f\u0131 Mahallesi D\u00f6\u015feme mevkiinde ba\u011flant\u0131 yollar\u0131 su ve \u00e7amurla kaplanarak trafi\u011fe kapand\u0131. Yolda bulunan baz\u0131 ara\u00e7lar ise sel sular\u0131nda mahsur kald\u0131.<\/p>\n<p>CESED\u0130 2 K\u0130LOMETRE UZAKLIKTA BULUNDU<\/p>\n<p>Alper B\u00fcy\u00fckdo\u011fan kulland\u0131\u011f\u0131 otomobil ile selde ak\u0131nt\u0131ya kap\u0131ld\u0131. B\u00fcy\u00fckdo\u011fan ve arkada\u015f\u0131 Kamber \u00dcn\u00fcvar panik i\u00e7erisinden ara\u00e7tan atlad\u0131. B\u00fcy\u00fckdo\u011fan bir tele tutunurken Kamber \u00dcn\u00fcvar ak\u0131nt\u0131ya kap\u0131l\u0131p kayboldu.<\/p>\n<p>B\u00f6lgeye arama-kurtarma ekipleri sevk edildi. B\u00f6lgeye gelen ekipler, yaralanan Alper B\u00fcy\u00fckdo\u011fan\u2019\u0131 hastaneye kald\u0131rd\u0131. Kamber \u00dcn\u00fcvar ise d\u00fc\u015ft\u00fc\u011f\u00fc b\u00f6lgenin 2 kilometre uza\u011f\u0131ndaki bir narenciye bah\u00e7esinde bulundu. Sa\u011fl\u0131k ekiplerinin kontrollerinde \u00dcn\u00fcvar\u2019\u0131n hayat\u0131n\u0131 kaybetti\u011fi belirlendi.<\/p>\n<p>Korku dolu anlar\u0131 anlatan Alper B\u00fcy\u00fckdo\u011fan , &quot;Arkada\u015f\u0131m\u0131n kap\u0131s\u0131n\u0131 a\u00e7t\u0131m atlas\u0131n diye \u00f6nce o sonra ben atlad\u0131m. Ben telden tutundum arkada\u015f\u0131m tutunamad\u0131 sele kap\u0131ld\u0131&quot; dedi.<\/p>\n<p>T\u00fcrkiye g\u00fcndeminden son dakika haberleri, bug\u00fcn ya\u015fanan en son geli\u015fmeler, siyaset g\u00fcndeminden g\u00fcncel haberler ve b\u00fct\u00fcn son dakika haberleri i\u00e7in H\u00fcrriyet&#x27;in internet haber sitesi hurriyet.com.tr;&#8230;<\/p>\n","protected":false},"excerpt":{"rendered":"<p>Adana\u2019n\u0131n Kozan il\u00e7esinde etkili olan sa\u011fanak ya\u011f\u0131\u015f\u0131n ard\u0131ndan meydana gelen sel felaketinde, ak\u0131nt\u0131ya kap\u0131lan otomobilde bulunan iki ki\u015fi ara\u00e7tan atlad\u0131&#8230;.<\/p>\n","protected":false},"author":2,"featured_media":30611,"comment_status":"open","ping_status":"open","sticky":false,"template":"","format":"standard","meta":{"footnotes":""},"categories":[6,5],"tags":[],"class_list":["post-30612","post","type-post","status-publish","format-standard","has-post-thumbnail","hentry","category-gundem","category-son-dakika"],"_links":{"self":[{"href":"https:\/\/eskigazeteci.com\/index.php?rest_route=\/wp\/v2\/posts\/30612","targetHints":{"allow":["GET"]}}],"collection":[{"href":"https:\/\/eskigazeteci.com\/index.php?rest_route=\/wp\/v2\/posts"}],"about":[{"href":"https:\/\/eskigazeteci.com\/index.php?rest_route=\/wp\/v2\/types\/post"}],"author":[{"embeddable":true,"href":"https:\/\/eskigazeteci.com\/index.php?rest_route=\/wp\/v2\/users\/2"}],"replies":[{"embeddable":true,"href":"https:\/\/eskigazeteci.com\/index.php?rest_route=%2Fwp%2Fv2%2Fcomments&post=30612"}],"version-history":[{"count":0,"href":"https:\/\/eskigazeteci.com\/index.php?rest_route=\/wp\/v2\/posts\/30612\/revisions"}],"wp:featuredmedia":[{"embeddable":true,"href":"https:\/\/eskigazeteci.com\/index.php?rest_route=\/wp\/v2\/media\/30611"}],"wp:attachment":[{"href":"https:\/\/eskigazeteci.com\/index.php?rest_route=%2Fwp%2Fv2%2Fmedia&parent=30612"}],"wp:term":[{"taxonomy":"category","embeddable":true,"href":"https:\/\/eskigazeteci.com\/index.php?rest_route=%2Fwp%2Fv2%2Fcategories&post=30612"},{"taxonomy":"post_tag","embeddable":true,"href":"https:\/\/eskigazeteci.com\/index.php?rest_route=%2Fwp%2Fv2%2Ftags&post=30612"}],"curies":[{"name":"wp","href":"https:\/\/api.w.org\/{rel}","templated":true}]}}