{"id":30602,"date":"2026-04-29T17:56:40","date_gmt":"2026-04-29T17:56:40","guid":{"rendered":"https:\/\/eskigazeteci.com\/?p=30602"},"modified":"2026-04-29T17:56:40","modified_gmt":"2026-04-29T17:56:40","slug":"vanda-sokak-kopegi-dehseti-5-yasindaki-cocuk-hayatini-kaybetti","status":"publish","type":"post","link":"https:\/\/eskigazeteci.com\/?p=30602","title":{"rendered":"Van&#8217;da sokak k\u00f6pe\u011fi deh\u015feti! 5 ya\u015f\u0131ndaki \u00e7ocuk hayat\u0131n\u0131 kaybetti"},"content":{"rendered":"<p>Olay, \u00f6\u011fle saatlerinde Saray il\u00e7esi Kaz\u0131mpa\u015fa Mahallesi&#x27;nde meydana geldi. Edinilen bilgilere g\u00f6re, evlerinin bah\u00e7esinde oyun oynayan amca \u00e7ocuklar\u0131, aniden sahipsiz sokak k\u00f6peklerinin sald\u0131r\u0131s\u0131na u\u011frad\u0131.<\/p>\n<p>\u00c7evredekilerin m\u00fcdahalesiyle kurtar\u0131lan \u00e7ocuklardan 5 ya\u015f\u0131ndaki Hamza \u00d6zsoy, a\u011f\u0131r yaral\u0131 olarak kald\u0131r\u0131ld\u0131\u011f\u0131 Saray Devlet Hastanesi&#x27;nde yap\u0131lan t\u00fcm m\u00fcdahalelere ra\u011fmen kurtar\u0131lamayarak hayat\u0131n\u0131 kaybetti.<\/p>\n<p>Sald\u0131r\u0131da yaralanan 9 ya\u015f\u0131ndaki A.\u00d6. ise ambulansla Van E\u011fitim ve Ara\u015ft\u0131rma Hastanesi&#x27;ne sevk edilerek tedavi alt\u0131na al\u0131nd\u0131. Yaral\u0131 \u00e7ocu\u011fun sa\u011fl\u0131k durumunun iyi oldu\u011fu \u00f6\u011frenildi.<\/p>\n<p>Olayla ilgili geni\u015f \u00e7apl\u0131 soru\u015fturma s\u00fcr\u00fcyor.<\/p>\n<p>T\u00fcrkiye g\u00fcndeminden son dakika haberleri, bug\u00fcn ya\u015fanan en son geli\u015fmeler, siyaset g\u00fcndeminden g\u00fcncel haberler ve b\u00fct\u00fcn son dakika haberleri i\u00e7in H\u00fcrriyet&#x27;in internet haber sitesi hurriyet.com.tr; Hurriyet.com.tr haber i\u00e7erikleri kaynak g\u00f6sterilmeden al\u0131nt\u0131 yap\u0131lamaz, Kanuna ayk\u0131r\u0131 ve izinsiz olarak kopyalanamaz, ba\u015fka yerde yay\u0131nlanamaz.<\/p>\n","protected":false},"excerpt":{"rendered":"<p>Van&#8217;\u0131n Saray il\u00e7esinde evlerinin \u00f6n\u00fcnde oyun oynarken sahipsiz sokak k\u00f6peklerinin sald\u0131r\u0131s\u0131na u\u011frayan iki \u00e7ocuktan 5 ya\u015f\u0131ndaki Hamza \u00d6zsoy hayat\u0131n\u0131 kaybetti,&#8230;<\/p>\n","protected":false},"author":2,"featured_media":30601,"comment_status":"open","ping_status":"open","sticky":false,"template":"","format":"standard","meta":{"footnotes":""},"categories":[6,5],"tags":[],"class_list":["post-30602","post","type-post","status-publish","format-standard","has-post-thumbnail","hentry","category-gundem","category-son-dakika"],"_links":{"self":[{"href":"https:\/\/eskigazeteci.com\/index.php?rest_route=\/wp\/v2\/posts\/30602","targetHints":{"allow":["GET"]}}],"collection":[{"href":"https:\/\/eskigazeteci.com\/index.php?rest_route=\/wp\/v2\/posts"}],"about":[{"href":"https:\/\/eskigazeteci.com\/index.php?rest_route=\/wp\/v2\/types\/post"}],"author":[{"embeddable":true,"href":"https:\/\/eskigazeteci.com\/index.php?rest_route=\/wp\/v2\/users\/2"}],"replies":[{"embeddable":true,"href":"https:\/\/eskigazeteci.com\/index.php?rest_route=%2Fwp%2Fv2%2Fcomments&post=30602"}],"version-history":[{"count":0,"href":"https:\/\/eskigazeteci.com\/index.php?rest_route=\/wp\/v2\/posts\/30602\/revisions"}],"wp:featuredmedia":[{"embeddable":true,"href":"https:\/\/eskigazeteci.com\/index.php?rest_route=\/wp\/v2\/media\/30601"}],"wp:attachment":[{"href":"https:\/\/eskigazeteci.com\/index.php?rest_route=%2Fwp%2Fv2%2Fmedia&parent=30602"}],"wp:term":[{"taxonomy":"category","embeddable":true,"href":"https:\/\/eskigazeteci.com\/index.php?rest_route=%2Fwp%2Fv2%2Fcategories&post=30602"},{"taxonomy":"post_tag","embeddable":true,"href":"https:\/\/eskigazeteci.com\/index.php?rest_route=%2Fwp%2Fv2%2Ftags&post=30602"}],"curies":[{"name":"wp","href":"https:\/\/api.w.org\/{rel}","templated":true}]}}