{"id":30600,"date":"2026-04-29T17:55:06","date_gmt":"2026-04-29T17:55:06","guid":{"rendered":"https:\/\/eskigazeteci.com\/?p=30600"},"modified":"2026-04-29T17:55:06","modified_gmt":"2026-04-29T17:55:06","slug":"son-dakika-saganak-yagis-uyarisi-2","status":"publish","type":"post","link":"https:\/\/eskigazeteci.com\/?p=30600","title":{"rendered":"SON DAK\u0130KA SA\u011eANAK YA\u011eI\u015e UYARISI"},"content":{"rendered":"<p>Meteoroloji Genel M\u00fcd\u00fcrl\u00fc\u011f\u00fc taraf\u0131ndan yap\u0131lan son de\u011ferlendirmelere g\u00f6re: \u00dclkemiz genelinin par\u00e7al\u0131 ve \u00e7ok bulutlu, Akdeniz\u2019in i\u00e7 kesimleri, Do\u011fu Anadolu (Kars ve Ardahan hari\u00e7), G\u00fcneydo\u011fu Anadolu\u2019nun kuzey ve do\u011fusu, K\u0131rklareli, Edirne, \u00c7anakkale, Konya, Karaman, Ni\u011fde, Sivas, Bolu, Tokat, G\u00fcm\u00fc\u015fhane, Bayburt ve Gaziantep \u00e7evreleri ile Bal\u0131kesir&#x27;in kuzey kesimlerinin aral\u0131kl\u0131 sa\u011fanak ve yer yer g\u00f6k g\u00fcr\u00fclt\u00fcl\u00fc sa\u011fanak ya\u011f\u0131\u015fl\u0131 ge\u00e7ece\u011fi tahmin ediliyor. Gece ve sabah saatlerinde Marmara&#x27;n\u0131n do\u011fusu, \u0130\u00e7 Anadolu&#x27;nun kuzeyi ile Karadeniz&#x27;in i\u00e7 kesimlerinde pus ve yer yer sis bekleniyor.<\/p>\n<p>CUMA G\u00dcN\u00dc \u0130\u00c7\u0130N SA\u011eANAK UYARISI<\/p>\n<p>Yurt genelinde cumadan itibaren bat\u0131 kesimlerinden ba\u015flayarak serin ve ya\u011f\u0131\u015fl\u0131 hava etkili olacak, s\u0131cakl\u0131klar hissedilebilir derecede azalacak. \u00c7evre, \u015eehircilik ve \u0130klim De\u011fi\u015fikli\u011fi Bakanl\u0131\u011f\u0131 Meteoroloji Genel M\u00fcd\u00fcrl\u00fc\u011f\u00fcn\u00fcn son tahminlerine g\u00f6re, yurt genelinde cumadan itibaren bat\u0131 kesimlerinden ba\u015flayarak serin ve ya\u011f\u0131\u015fl\u0131 havan\u0131n etkili olmas\u0131 bekleniyor.<\/p>\n<p>Ya\u011f\u0131\u015flar\u0131n genel olarak sa\u011fanak ve g\u00f6k g\u00fcr\u00fclt\u00fcl\u00fc sa\u011fanak \u015feklinde, y\u00fcksek kesimlerde ise karla kar\u0131\u015f\u0131k ya\u011fmur ve yer yer kar \u015feklinde olaca\u011f\u0131 tahmin ediliyor.<\/p>\n<p>Tahminlere g\u00f6re s\u0131cakl\u0131klardaki d\u00fc\u015f\u00fc\u015fe ba\u011fl\u0131 olarak&#8230;<\/p>\n","protected":false},"excerpt":{"rendered":"<p>Hava durumu tahminleri il il Meteoroloji&#8217;nin son dakika raporu ile yay\u0131nland\u0131. S\u0131cakl\u0131klar mevsim normallerinde devam ederken cuma g\u00fcn\u00fc i\u00e7in uyar\u0131 geldi&#8230;.<\/p>\n","protected":false},"author":2,"featured_media":30599,"comment_status":"open","ping_status":"open","sticky":false,"template":"","format":"standard","meta":{"footnotes":""},"categories":[6,5],"tags":[],"class_list":["post-30600","post","type-post","status-publish","format-standard","has-post-thumbnail","hentry","category-gundem","category-son-dakika"],"_links":{"self":[{"href":"https:\/\/eskigazeteci.com\/index.php?rest_route=\/wp\/v2\/posts\/30600","targetHints":{"allow":["GET"]}}],"collection":[{"href":"https:\/\/eskigazeteci.com\/index.php?rest_route=\/wp\/v2\/posts"}],"about":[{"href":"https:\/\/eskigazeteci.com\/index.php?rest_route=\/wp\/v2\/types\/post"}],"author":[{"embeddable":true,"href":"https:\/\/eskigazeteci.com\/index.php?rest_route=\/wp\/v2\/users\/2"}],"replies":[{"embeddable":true,"href":"https:\/\/eskigazeteci.com\/index.php?rest_route=%2Fwp%2Fv2%2Fcomments&post=30600"}],"version-history":[{"count":0,"href":"https:\/\/eskigazeteci.com\/index.php?rest_route=\/wp\/v2\/posts\/30600\/revisions"}],"wp:featuredmedia":[{"embeddable":true,"href":"https:\/\/eskigazeteci.com\/index.php?rest_route=\/wp\/v2\/media\/30599"}],"wp:attachment":[{"href":"https:\/\/eskigazeteci.com\/index.php?rest_route=%2Fwp%2Fv2%2Fmedia&parent=30600"}],"wp:term":[{"taxonomy":"category","embeddable":true,"href":"https:\/\/eskigazeteci.com\/index.php?rest_route=%2Fwp%2Fv2%2Fcategories&post=30600"},{"taxonomy":"post_tag","embeddable":true,"href":"https:\/\/eskigazeteci.com\/index.php?rest_route=%2Fwp%2Fv2%2Ftags&post=30600"}],"curies":[{"name":"wp","href":"https:\/\/api.w.org\/{rel}","templated":true}]}}