{"id":306,"date":"2026-02-09T11:13:33","date_gmt":"2026-02-09T11:13:33","guid":{"rendered":"https:\/\/eskigazeteci.com\/?p=306"},"modified":"2026-02-09T11:13:33","modified_gmt":"2026-02-09T11:13:33","slug":"haber-128","status":"publish","type":"post","link":"https:\/\/eskigazeteci.com\/?p=306","title":{"rendered":"Haber"},"content":{"rendered":"<p>K\u00fclt\u00fcr ve Turizm Bakan\u0131 Mehmet Nuri Ersoy, T\u00fcrkiye K\u00fclt\u00fcr Yolu Festivali\u2019nin 2026 y\u0131l\u0131 \u015fehir ve tarihlerini a\u00e7\u0131klarken, k\u00fclt\u00fcr-sanat alan\u0131nda tarihi bir hedefin de alt\u0131n\u0131 \u00e7izdi. Buna g\u00f6re, 2027 y\u0131l\u0131 sonu itibariyle T\u00fcrkiye\u2019deki 30 b\u00fcy\u00fck\u015fehirin tamam\u0131 T\u00fcrkiye K\u00fclt\u00fcr Yolu Festivali kapsam\u0131na al\u0131nm\u0131\u015f olacak. 2026 y\u0131l\u0131nda Ayd\u0131n, Eski\u015fehir, Kahramanmara\u015f, Mersin, Ordu ve Sakarya\u2019n\u0131n da takvime eklenmesiyle birlikte, T\u00fcrkiye K\u00fclt\u00fcr Yolu Festivali bu y\u0131l 26 ilde milyonlarca sanatseveri a\u011f\u0131rlayacak. Festival maratonu, bahar aylar\u0131ndan sonbahara kadar T\u00fcrkiye\u2019nin d\u00f6rt bir yan\u0131nda s\u00fcrecek.<\/p>\n<p>2027\u2019DE T\u00dcM B\u00dcY\u00dcK\u015eEH\u0130RLER K\u00dcLT\u00dcR YOLU Z\u0130NC\u0130R\u0130NE EKLEN\u0130YOR Bakan Ersoy, gelecek y\u0131l at\u0131lacak ad\u0131m\u0131n ise k\u00fclt\u00fcr politikalar\u0131 a\u00e7\u0131s\u0131ndan tamamlay\u0131c\u0131 bir d\u00f6n\u00fcm noktas\u0131 oldu\u011funu belirtti. 2027 y\u0131l\u0131nda Bal\u0131kesir, Denizli, Hatay, Kocaeli, Mu\u011fla ve Tekirda\u011f\u2019\u0131n da festival zincirine dahil edilmesiyle, T\u00fcrkiye\u2019deki t\u00fcm b\u00fcy\u00fck\u015fehirler T\u00fcrkiye K\u00fclt\u00fcr Yolu Festivali \u2019ne dahil edilmi\u015f olacak. Bu geli\u015fmeyle birlikte T\u00fcrkiye K\u00fclt\u00fcr Yolu Festivali, \u015fehir \u015fehir ilerleyen bir etkinlik olmaktan \u00e7\u0131karak, \u00fclke geneline yay\u0131lm\u0131\u015f, s\u00fcrekli ve kapsay\u0131c\u0131 bir k\u00fclt\u00fcr altyap\u0131s\u0131 niteli\u011fi kazanacak. 2021\u2019DE \u0130STANBUL \u0130LE BA\u015eLADI, BUG\u00dcN \u201cD\u00dcNYANIN EN B\u00dcY\u00dcK FEST\u0130VAL\u0130\u201d 2021 y\u0131l\u0131nda \u0130stanbul\u2019da 80 mekanda ve 2 binin \u00fczerinde sanat\u00e7\u0131yla ba\u015flayan T\u00fcrkiye K\u00fclt\u00fcr Yolu Festivali, bug\u00fcn \u00f6l\u00e7e\u011fi, yayg\u0131nl\u0131\u011f\u0131 ve etkisiyle \u201cd\u00fcnyan\u0131n en b\u00fcy\u00fck festivali\u201d konumuna ula\u015ft\u0131. Festival, \u0130stanbul ile ba\u015flad\u0131\u011f\u0131 2021\u2019den bu yana her y\u0131l b\u00fcy\u00fcyerek; \u015fehir say\u0131s\u0131n\u0131 1\u2019den 20\u2019ye, mekan say\u0131s\u0131n\u0131 80\u2019den 1.000\u2019e, sanat\u00e7\u0131 say\u0131s\u0131n\u0131 2.000\u2019den 50.000\u2019e, etkinlik say\u0131s\u0131n\u0131 ise 380\u2019den 9.600\u2019e y\u00fckseltti. 2026\u2019da 26 \u015fehirde festival yap\u0131lacak, 2027 y\u0131l\u0131nda ise t\u00fcm b\u00fcy\u00fck\u015fehirlere T\u00fcrkiye K\u00fclt\u00fcr Yolu Festivali ula\u015fm\u0131\u015f olacak. Bakan Ersoy, festivalin yaln\u0131zca bir etkinlik takvimi de\u011fil, T\u00fcrkiye\u2019nin k\u00fclt\u00fcrel haf\u0131zas\u0131n\u0131 \u015fehirler \u00fczerinden yeniden kuran kal\u0131c\u0131 bir k\u00fclt\u00fcr modeli haline geldi\u011fini vurgulad\u0131. 22 M\u0130LYON K\u0130\u015e\u0130 K\u00dcLT\u00dcR SANATLA BULU\u015eTU T\u00fcrkiye\u2019nin k\u00fclt\u00fcrel zenginli\u011fini t\u00fcm yurda ta\u015f\u0131yan T\u00fcrkiye K\u00fclt\u00fcr Yolu Festivali, 2025 y\u0131l\u0131nda da b\u00fcy\u00fck bir ba\u015far\u0131ya imza att\u0131. Festival kapsam\u0131nda 20 \u015fehirde toplam 9.645 etkinlik d\u00fczenlenirken, 22 milyon ki\u015fiye ula\u015f\u0131ld\u0131. Aylar boyunca s\u00fcren kapsaml\u0131 programlarla \u015fehirler k\u00fclt\u00fcr ve sanatla bulu\u015ftu; festival etkinlikleri toplumsal etkile\u015fimi g\u00fc\u00e7lendirirken yerel ekonomilere de \u00f6nemli katk\u0131lar sa\u011flad\u0131. AVRUPA FEST\u0130VALLER B\u0130RL\u0130\u011e\u0130 \u00dcYES\u0130: 8 AY, 20 \u015eEH\u0130R, 9 B\u0130N 600\u2019\u00dcN \u00dcZER\u0130NDE ETK\u0130NL\u0130K Cumhuriyet\u2019in 100\u2019\u00fcnc\u00fc y\u0131l\u0131ndan bu yana Avrupa Festivaller Birli\u011fi \u00fcyesi olan festival, ge\u00e7ti\u011fimiz y\u0131l 8 ay boyunca 20 \u015fehirde, 1.000\u2019den fazla etkinlik noktas\u0131nda, 50 bini a\u015fk\u0131n sanat\u00e7\u0131n\u0131n kat\u0131l\u0131m\u0131yla 9 bin 600\u2019\u00fcn \u00fczerinde etkinli\u011fe ev sahipli\u011fi yapt\u0131.<\/p>\n<p>T\u00fcrkiye g\u00fcndeminden son dakika haberleri, bug\u00fcn ya\u015fanan en son geli\u015fmeler, siyaset g\u00fcndeminden g\u00fcncel haberler ve b\u00fct\u00fcn son dakika haberleri i\u00e7in H\u00fcrriyet&#x27;in internet haber sitesi hurriyet.com.tr; Hurriyet.com.tr haber i\u00e7erikleri kaynak g\u00f6sterilmeden al\u0131nt\u0131 yap\u0131lamaz, Kanuna ayk\u0131r\u0131 ve izinsiz olarak kopyalanamaz, ba\u015fka yerde yay\u0131nlanamaz.<\/p>\n","protected":false},"excerpt":{"rendered":"<p>K\u00fclt\u00fcr ve Turizm Bakan\u0131 Mehmet Nuri Ersoy, T\u00fcrkiye K\u00fclt\u00fcr Yolu Festivali\u2019nin 2026 y\u0131l\u0131 \u015fehir ve tarihlerini a\u00e7\u0131klad\u0131. Festivalin b\u00fcy\u00fcme yolculu\u011funda yeni bir&#8230;<\/p>\n","protected":false},"author":2,"featured_media":305,"comment_status":"open","ping_status":"open","sticky":false,"template":"","format":"standard","meta":{"footnotes":""},"categories":[8,3],"tags":[],"class_list":["post-306","post","type-post","status-publish","format-standard","has-post-thumbnail","hentry","category-arsiv","category-siyaset"],"_links":{"self":[{"href":"https:\/\/eskigazeteci.com\/index.php?rest_route=\/wp\/v2\/posts\/306","targetHints":{"allow":["GET"]}}],"collection":[{"href":"https:\/\/eskigazeteci.com\/index.php?rest_route=\/wp\/v2\/posts"}],"about":[{"href":"https:\/\/eskigazeteci.com\/index.php?rest_route=\/wp\/v2\/types\/post"}],"author":[{"embeddable":true,"href":"https:\/\/eskigazeteci.com\/index.php?rest_route=\/wp\/v2\/users\/2"}],"replies":[{"embeddable":true,"href":"https:\/\/eskigazeteci.com\/index.php?rest_route=%2Fwp%2Fv2%2Fcomments&post=306"}],"version-history":[{"count":0,"href":"https:\/\/eskigazeteci.com\/index.php?rest_route=\/wp\/v2\/posts\/306\/revisions"}],"wp:featuredmedia":[{"embeddable":true,"href":"https:\/\/eskigazeteci.com\/index.php?rest_route=\/wp\/v2\/media\/305"}],"wp:attachment":[{"href":"https:\/\/eskigazeteci.com\/index.php?rest_route=%2Fwp%2Fv2%2Fmedia&parent=306"}],"wp:term":[{"taxonomy":"category","embeddable":true,"href":"https:\/\/eskigazeteci.com\/index.php?rest_route=%2Fwp%2Fv2%2Fcategories&post=306"},{"taxonomy":"post_tag","embeddable":true,"href":"https:\/\/eskigazeteci.com\/index.php?rest_route=%2Fwp%2Fv2%2Ftags&post=306"}],"curies":[{"name":"wp","href":"https:\/\/api.w.org\/{rel}","templated":true}]}}