{"id":30598,"date":"2026-04-29T17:45:05","date_gmt":"2026-04-29T17:45:05","guid":{"rendered":"https:\/\/eskigazeteci.com\/?p=30598"},"modified":"2026-04-29T17:45:05","modified_gmt":"2026-04-29T17:45:05","slug":"eski-hakkari-belediye-baskani-akisa-hapis-cezasi","status":"publish","type":"post","link":"https:\/\/eskigazeteci.com\/?p=30598","title":{"rendered":"Eski Hakkari Belediye Ba\u015fkan\u0131 Ak\u0131\u015f\u2019a hapis cezas\u0131"},"content":{"rendered":"<p>Van B\u00f6lge Adliye Mahkemesi 2. Ceza Dairesinin, 5 Haziran 2024&#x27;te Hakkari 1. A\u011f\u0131r Ceza Mahkemesinin &quot;silahl\u0131 ter\u00f6r \u00f6rg\u00fct\u00fc y\u00f6netme&quot; ve &quot;silahl\u0131 ter\u00f6r \u00f6rg\u00fct\u00fcne \u00fcye olma&quot; su\u00e7lar\u0131ndan verilen cezalara ili\u015fkin karar\u0131 bozmas\u0131n\u0131n ard\u0131ndan yeniden yarg\u0131lanan Ak\u0131\u015f ile 9 san\u0131k hakk\u0131ndaki davan\u0131n karar duru\u015fmas\u0131 g\u00f6r\u00fcld\u00fc.<\/p>\n<p>Hakkari 1. A\u011f\u0131r Ceza Mahkemesindeki duru\u015fmaya tutuklu olan Ak\u0131\u015f ile baz\u0131 san\u0131klar ve avukatlar\u0131 Ses ve G\u00f6r\u00fcnt\u00fcl\u00fc Bili\u015fim Sistemiyle ba\u011fland\u0131, tutuksuz san\u0131klardan Tahir Ko\u00e7 , aileler ve baz\u0131 avukatlar da salonda haz\u0131r bulundu.<\/p>\n<p>Duru\u015fmada savunma yapan Ak\u0131\u015f, \u00f6nceki beyanlar\u0131n\u0131 tekrar ederek, at\u0131l\u0131 su\u00e7lamalar\u0131 kabul etmedi\u011fini s\u00f6yledi.<\/p>\n<p>Uzun y\u0131llard\u0131r siyasetin i\u00e7inde oldu\u011funu belirten Ak\u0131\u015f, su\u00e7lamalar\u0131n siyasi parti faaliyetleri oldu\u011funu savundu.<\/p>\n<p>Di\u011fer san\u0131klar ile avukatlar da yapt\u0131klar\u0131 savunmada su\u00e7lamalar\u0131 kabul etmeyerek beraat talebinde bulundu.<\/p>\n<p>Cumhuriyet savc\u0131s\u0131 ise esas hakk\u0131ndaki m\u00fctalaay\u0131 sunduklar\u0131n\u0131 ve san\u0131klar\u0131n cezaland\u0131r\u0131lmalar\u0131n\u0131 talep ettiklerini belirtti.<\/p>\n<p>Mahkeme heyeti, san\u0131klara bozma \u00f6ncesinde h\u00fckmedilen hapis cezalar\u0131n\u0131n yeniden verilmesine h\u00fckmetti.<\/p>\n<p>Buna g\u00f6re Ak\u0131\u015f, &quot; silahl\u0131 ter\u00f6r \u00f6rg\u00fct\u00fc y\u00f6netme&quot; su\u00e7undan 19 y\u0131l 6 ay, &quot;silahl\u0131 ter\u00f6r \u00f6rg\u00fct\u00fcne \u00fcye&#8230;<\/p>\n","protected":false},"excerpt":{"rendered":"<p>Hakkari&#8217;de, 2 y\u0131l \u00f6nce silahl\u0131 ter\u00f6r \u00f6rg\u00fct\u00fc y\u00f6netme, silahl\u0131 ter\u00f6r \u00f6rg\u00fct\u00fcne \u00fcye olma su\u00e7lar\u0131ndan verilen cezalar\u0131n bozulmas\u0131n\u0131n ard\u0131ndan yeniden yarg\u0131lanan&#8230;<\/p>\n","protected":false},"author":2,"featured_media":30597,"comment_status":"open","ping_status":"open","sticky":false,"template":"","format":"standard","meta":{"footnotes":""},"categories":[6,5],"tags":[],"class_list":["post-30598","post","type-post","status-publish","format-standard","has-post-thumbnail","hentry","category-gundem","category-son-dakika"],"_links":{"self":[{"href":"https:\/\/eskigazeteci.com\/index.php?rest_route=\/wp\/v2\/posts\/30598","targetHints":{"allow":["GET"]}}],"collection":[{"href":"https:\/\/eskigazeteci.com\/index.php?rest_route=\/wp\/v2\/posts"}],"about":[{"href":"https:\/\/eskigazeteci.com\/index.php?rest_route=\/wp\/v2\/types\/post"}],"author":[{"embeddable":true,"href":"https:\/\/eskigazeteci.com\/index.php?rest_route=\/wp\/v2\/users\/2"}],"replies":[{"embeddable":true,"href":"https:\/\/eskigazeteci.com\/index.php?rest_route=%2Fwp%2Fv2%2Fcomments&post=30598"}],"version-history":[{"count":0,"href":"https:\/\/eskigazeteci.com\/index.php?rest_route=\/wp\/v2\/posts\/30598\/revisions"}],"wp:featuredmedia":[{"embeddable":true,"href":"https:\/\/eskigazeteci.com\/index.php?rest_route=\/wp\/v2\/media\/30597"}],"wp:attachment":[{"href":"https:\/\/eskigazeteci.com\/index.php?rest_route=%2Fwp%2Fv2%2Fmedia&parent=30598"}],"wp:term":[{"taxonomy":"category","embeddable":true,"href":"https:\/\/eskigazeteci.com\/index.php?rest_route=%2Fwp%2Fv2%2Fcategories&post=30598"},{"taxonomy":"post_tag","embeddable":true,"href":"https:\/\/eskigazeteci.com\/index.php?rest_route=%2Fwp%2Fv2%2Ftags&post=30598"}],"curies":[{"name":"wp","href":"https:\/\/api.w.org\/{rel}","templated":true}]}}