{"id":30596,"date":"2026-04-29T17:36:38","date_gmt":"2026-04-29T17:36:38","guid":{"rendered":"https:\/\/eskigazeteci.com\/?p=30596"},"modified":"2026-04-29T17:36:38","modified_gmt":"2026-04-29T17:36:38","slug":"thy-2026-ilk-ceyrek-bilancosunu-acikladi","status":"publish","type":"post","link":"https:\/\/eskigazeteci.com\/?p=30596","title":{"rendered":"THY, 2026 ilk \u00e7eyrek bilan\u00e7osunu a\u00e7\u0131klad\u0131"},"content":{"rendered":"<p>THY, finansal sonu\u00e7lar\u0131n\u0131 Kamuyu Ayd\u0131nlatma Platformu&#x27;nda (KAP) a\u00e7\u0131klad\u0131.<\/p>\n<p>Buna g\u00f6re \u015firketin 2026 Ocak-Mart d\u00f6neminde konsolide net kar\u0131 9 milyar 915 milyon lira oldu.<\/p>\n<p>THY&#x27;nin 2025 y\u0131l\u0131 sonunda 911 milyar 256 milyon lira olan toplam \u00f6z kaynaklar\u0131 2026&#x27;n\u0131n ilk \u00e7eyre\u011finin sonunda 966 milyar 363 milyon liraya y\u00fckseldi.<\/p>\n<p>T\u00fcrkiye g\u00fcndeminden son dakika haberleri, bug\u00fcn ya\u015fanan en son geli\u015fmeler, siyaset g\u00fcndeminden g\u00fcncel haberler ve b\u00fct\u00fcn son dakika haberleri i\u00e7in H\u00fcrriyet&#x27;in internet haber sitesi hurriyet.com.tr; Hurriyet.com.tr haber i\u00e7erikleri kaynak g\u00f6sterilmeden al\u0131nt\u0131 yap\u0131lamaz, Kanuna ayk\u0131r\u0131 ve izinsiz olarak kopyalanamaz, ba\u015fka yerde yay\u0131nlanamaz.<\/p>\n","protected":false},"excerpt":{"rendered":"<p>T\u00fcrk Hava Yollar\u0131n\u0131n (THY) konsolide net kar\u0131 2026&#8217;n\u0131n ilk \u00e7eyre\u011finde 9 milyar 915 milyon lira oldu.<\/p>\n","protected":false},"author":2,"featured_media":30595,"comment_status":"open","ping_status":"open","sticky":false,"template":"","format":"standard","meta":{"footnotes":""},"categories":[6,5],"tags":[],"class_list":["post-30596","post","type-post","status-publish","format-standard","has-post-thumbnail","hentry","category-gundem","category-son-dakika"],"_links":{"self":[{"href":"https:\/\/eskigazeteci.com\/index.php?rest_route=\/wp\/v2\/posts\/30596","targetHints":{"allow":["GET"]}}],"collection":[{"href":"https:\/\/eskigazeteci.com\/index.php?rest_route=\/wp\/v2\/posts"}],"about":[{"href":"https:\/\/eskigazeteci.com\/index.php?rest_route=\/wp\/v2\/types\/post"}],"author":[{"embeddable":true,"href":"https:\/\/eskigazeteci.com\/index.php?rest_route=\/wp\/v2\/users\/2"}],"replies":[{"embeddable":true,"href":"https:\/\/eskigazeteci.com\/index.php?rest_route=%2Fwp%2Fv2%2Fcomments&post=30596"}],"version-history":[{"count":0,"href":"https:\/\/eskigazeteci.com\/index.php?rest_route=\/wp\/v2\/posts\/30596\/revisions"}],"wp:featuredmedia":[{"embeddable":true,"href":"https:\/\/eskigazeteci.com\/index.php?rest_route=\/wp\/v2\/media\/30595"}],"wp:attachment":[{"href":"https:\/\/eskigazeteci.com\/index.php?rest_route=%2Fwp%2Fv2%2Fmedia&parent=30596"}],"wp:term":[{"taxonomy":"category","embeddable":true,"href":"https:\/\/eskigazeteci.com\/index.php?rest_route=%2Fwp%2Fv2%2Fcategories&post=30596"},{"taxonomy":"post_tag","embeddable":true,"href":"https:\/\/eskigazeteci.com\/index.php?rest_route=%2Fwp%2Fv2%2Ftags&post=30596"}],"curies":[{"name":"wp","href":"https:\/\/api.w.org\/{rel}","templated":true}]}}