{"id":30592,"date":"2026-04-29T17:25:01","date_gmt":"2026-04-29T17:25:01","guid":{"rendered":"https:\/\/eskigazeteci.com\/?p=30592"},"modified":"2026-04-29T17:25:01","modified_gmt":"2026-04-29T17:25:01","slug":"bakan-fidan-fetonun-kok-saldigi-okullarin-devralinmasi-gereken-yerlerde-nihayete-erdirdigimiz-anlasmalar-var","status":"publish","type":"post","link":"https:\/\/eskigazeteci.com\/?p=30592","title":{"rendered":"Bakan Fidan: FET\u00d6\u2019n\u00fcn k\u00f6k sald\u0131\u011f\u0131 okullar\u0131n devral\u0131nmas\u0131 gereken yerlerde nihayete erdirdi\u011fimiz anla\u015fmalar var"},"content":{"rendered":"<p>Bakan Fidan, T\u00fcrkiye Maarif Vakf\u0131 (TMV) Avusturya Temsilcili\u011fi Viyana E\u011fitim Merkezi&#x27;nin a\u00e7\u0131l\u0131\u015f\u0131nda yapt\u0131\u011f\u0131 konu\u015fmada, Viyana&#x27;ya farkl\u0131 d\u00f6nemlerde geldi\u011fini ve burada bir\u00e7ok ki\u015fiyle tan\u0131\u015fma f\u0131rsat\u0131 buldu\u011funu anlatt\u0131.<\/p>\n<p>TMV\u2019nin bu binay\u0131 devrald\u0131\u011f\u0131n\u0131 ve yapt\u0131rd\u0131\u011f\u0131n\u0131 aktaran Fidan, &quot;Ben ger\u00e7ekten gurur duydum, Ba\u015fkan&#x27;\u0131m\u0131z gezdirdi bana. Yani muazzam bir d\u00f6n\u00fc\u015f\u00fcm olmu\u015f \u00e7\u00fcnk\u00fc eski halini de biliyorum. O m\u00fctevaz\u0131 \u015fartlardan bu hale gelmek, eski arkada\u015flar da bilirler, ger\u00e7ekten muazzam bir hizmet olmu\u015f.&quot; ifadesini kulland\u0131.<\/p>\n<p>Fidan, TMV\u2019nin T\u00fcrk d\u0131\u015f politikas\u0131nda &quot;yumu\u015fak g\u00fc\u00e7&quot; ve &quot;k\u00fclt\u00fcrel enstr\u00fcman&quot; rol\u00fcn\u00fc oynad\u0131\u011f\u0131na i\u015faret ederek, kurumun d\u0131\u015f politikada \u00e7ok \u00e7e\u015fitli alanlarda etkile\u015fime girdi\u011fini dile getirdi.<\/p>\n<p>TMV\u2019nin kurulu\u015funda ilk birka\u00e7 y\u0131l dost \u00fclkelerdeki FET\u00d6 okullar\u0131n\u0131 alma stratejisiyle muazzam bir faaliyet g\u00f6sterdi\u011fine dikkati \u00e7eken Fidan, bu faaliyetlerin devam etti\u011finin alt\u0131n\u0131 \u00e7izdi.<\/p>\n<p>Fidan, \u201c\u00d6zellikle baz\u0131 \u00fclkelerde, FET\u00d6 &#x27;n\u00fcn daha fazla k\u00f6k sald\u0131\u011f\u0131 okullar\u0131n devral\u0131nmas\u0131 gereken yerlerde, burada nihayete erdirdi\u011fimiz anla\u015fmalar var. Bunu sessiz, sakince yap\u0131yoruz. Maarif Vakf\u0131m\u0131z da sa\u011f olsun b\u00fcy\u00fck bir profesyonellikle bu konuda bizim \u00e7izdi\u011fimiz politik \u00e7er\u00e7evenin alt\u0131n\u0131&#8230;<\/p>\n","protected":false},"excerpt":{"rendered":"<p>D\u0131\u015fi\u015fleri Bakan\u0131 Hakan Fidan, \u00d6zellikle baz\u0131 \u00fclkelerde, Fetullah\u00e7\u0131 Ter\u00f6r \u00d6rg\u00fct\u00fc&#8217;n\u00fcn (FET\u00d6) daha fazla k\u00f6k sald\u0131\u011f\u0131 okullar\u0131n devral\u0131nmas\u0131 gereken yerlerde,&#8230;<\/p>\n","protected":false},"author":2,"featured_media":30591,"comment_status":"open","ping_status":"open","sticky":false,"template":"","format":"standard","meta":{"footnotes":""},"categories":[6,5],"tags":[],"class_list":["post-30592","post","type-post","status-publish","format-standard","has-post-thumbnail","hentry","category-gundem","category-son-dakika"],"_links":{"self":[{"href":"https:\/\/eskigazeteci.com\/index.php?rest_route=\/wp\/v2\/posts\/30592","targetHints":{"allow":["GET"]}}],"collection":[{"href":"https:\/\/eskigazeteci.com\/index.php?rest_route=\/wp\/v2\/posts"}],"about":[{"href":"https:\/\/eskigazeteci.com\/index.php?rest_route=\/wp\/v2\/types\/post"}],"author":[{"embeddable":true,"href":"https:\/\/eskigazeteci.com\/index.php?rest_route=\/wp\/v2\/users\/2"}],"replies":[{"embeddable":true,"href":"https:\/\/eskigazeteci.com\/index.php?rest_route=%2Fwp%2Fv2%2Fcomments&post=30592"}],"version-history":[{"count":0,"href":"https:\/\/eskigazeteci.com\/index.php?rest_route=\/wp\/v2\/posts\/30592\/revisions"}],"wp:featuredmedia":[{"embeddable":true,"href":"https:\/\/eskigazeteci.com\/index.php?rest_route=\/wp\/v2\/media\/30591"}],"wp:attachment":[{"href":"https:\/\/eskigazeteci.com\/index.php?rest_route=%2Fwp%2Fv2%2Fmedia&parent=30592"}],"wp:term":[{"taxonomy":"category","embeddable":true,"href":"https:\/\/eskigazeteci.com\/index.php?rest_route=%2Fwp%2Fv2%2Fcategories&post=30592"},{"taxonomy":"post_tag","embeddable":true,"href":"https:\/\/eskigazeteci.com\/index.php?rest_route=%2Fwp%2Fv2%2Ftags&post=30592"}],"curies":[{"name":"wp","href":"https:\/\/api.w.org\/{rel}","templated":true}]}}