{"id":30590,"date":"2026-04-29T17:05:00","date_gmt":"2026-04-29T17:05:00","guid":{"rendered":"https:\/\/eskigazeteci.com\/?p=30590"},"modified":"2026-04-29T17:05:00","modified_gmt":"2026-04-29T17:05:00","slug":"savas-nedeniyle-seferler-durdurulmustu-thynin-sam-beyrut-ve-amman-seferleri-yeniden-basliyor","status":"publish","type":"post","link":"https:\/\/eskigazeteci.com\/?p=30590","title":{"rendered":"Sava\u015f nedeniyle seferler durdurulmu\u015ftu\u2026 THY&#8217;nin \u015eam, Beyrut ve Amman seferleri yeniden ba\u015fl\u0131yor"},"content":{"rendered":"<p>THY&#x27;nin internet sitesinden yap\u0131lan duyuruda, seferlerin 1 May\u0131s itibar\u0131yla yeniden ba\u015flayaca\u011f\u0131 belirtildi.<\/p>\n<p>Seferler, ABD ve \u0130srail&#x27;in \u0130ran&#x27;a y\u00f6nelik sald\u0131r\u0131lar\u0131n\u0131n ba\u015flad\u0131\u011f\u0131 28 \u015eubat&#x27;tan bu yana yap\u0131lam\u0131yor.<\/p>\n<p>T\u00fcrkiye g\u00fcndeminden son dakika haberleri, bug\u00fcn ya\u015fanan en son geli\u015fmeler, siyaset g\u00fcndeminden g\u00fcncel haberler ve b\u00fct\u00fcn son dakika haberleri i\u00e7in H\u00fcrriyet&#x27;in internet haber sitesi hurriyet.com.tr; Hurriyet.com.tr haber i\u00e7erikleri kaynak g\u00f6sterilmeden al\u0131nt\u0131 yap\u0131lamaz, Kanuna ayk\u0131r\u0131 ve izinsiz olarak kopyalanamaz, ba\u015fka yerde yay\u0131nlanamaz.<\/p>\n","protected":false},"excerpt":{"rendered":"<p>T\u00fcrk Hava Yollar\u0131 (THY), hava sahas\u0131ndaki g\u00fcvenlik sorunlar\u0131 sebebiyle ara verdi\u011fi \u015eam, Beyrut ve Amman seferlerinin 1 May\u0131s&#8217;ta yeniden ba\u015flayaca\u011f\u0131n\u0131 duyurdu.<\/p>\n","protected":false},"author":2,"featured_media":30589,"comment_status":"open","ping_status":"open","sticky":false,"template":"","format":"standard","meta":{"footnotes":""},"categories":[6,5],"tags":[],"class_list":["post-30590","post","type-post","status-publish","format-standard","has-post-thumbnail","hentry","category-gundem","category-son-dakika"],"_links":{"self":[{"href":"https:\/\/eskigazeteci.com\/index.php?rest_route=\/wp\/v2\/posts\/30590","targetHints":{"allow":["GET"]}}],"collection":[{"href":"https:\/\/eskigazeteci.com\/index.php?rest_route=\/wp\/v2\/posts"}],"about":[{"href":"https:\/\/eskigazeteci.com\/index.php?rest_route=\/wp\/v2\/types\/post"}],"author":[{"embeddable":true,"href":"https:\/\/eskigazeteci.com\/index.php?rest_route=\/wp\/v2\/users\/2"}],"replies":[{"embeddable":true,"href":"https:\/\/eskigazeteci.com\/index.php?rest_route=%2Fwp%2Fv2%2Fcomments&post=30590"}],"version-history":[{"count":0,"href":"https:\/\/eskigazeteci.com\/index.php?rest_route=\/wp\/v2\/posts\/30590\/revisions"}],"wp:featuredmedia":[{"embeddable":true,"href":"https:\/\/eskigazeteci.com\/index.php?rest_route=\/wp\/v2\/media\/30589"}],"wp:attachment":[{"href":"https:\/\/eskigazeteci.com\/index.php?rest_route=%2Fwp%2Fv2%2Fmedia&parent=30590"}],"wp:term":[{"taxonomy":"category","embeddable":true,"href":"https:\/\/eskigazeteci.com\/index.php?rest_route=%2Fwp%2Fv2%2Fcategories&post=30590"},{"taxonomy":"post_tag","embeddable":true,"href":"https:\/\/eskigazeteci.com\/index.php?rest_route=%2Fwp%2Fv2%2Ftags&post=30590"}],"curies":[{"name":"wp","href":"https:\/\/api.w.org\/{rel}","templated":true}]}}