{"id":30588,"date":"2026-04-29T16:45:08","date_gmt":"2026-04-29T16:45:08","guid":{"rendered":"https:\/\/eskigazeteci.com\/?p=30588"},"modified":"2026-04-29T16:45:08","modified_gmt":"2026-04-29T16:45:08","slug":"bakan-ciftciden-turkiye","status":"publish","type":"post","link":"https:\/\/eskigazeteci.com\/?p=30588","title":{"rendered":"Bakan \u00c7ift\u00e7i&#8217;den T\u00fcrkiye"},"content":{"rendered":"<p>\u00c7ift\u00e7i, NSosyal hesab\u0131ndan Atina&#x27;da Yunanistan G\u00f6\u00e7 ve \u0130ltica Bakan\u0131 Thanos Plevris ve Bulgaristan \u0130\u00e7i\u015fleri Bakan\u0131 Emil Dechev&#x27;in kat\u0131l\u0131m\u0131yla ger\u00e7ekle\u015ftirilen &quot;T\u00fcrkiye-Bulgaristan-Yunanistan \u00dc\u00e7l\u00fc Mekanizma Toplant\u0131s\u0131&quot;na ili\u015fkin payla\u015f\u0131mda bulundu.<\/p>\n<p>&quot;Ger\u00e7ekle\u015ftirdi\u011fimiz g\u00f6r\u00fc\u015fmede, d\u00fczensiz g\u00f6\u00e7le m\u00fccadele, \u00fc\u00e7l\u00fc mekanizma \u00e7al\u0131\u015fmalar\u0131, ter\u00f6r ve organize su\u00e7larla m\u00fccadele konular\u0131n\u0131 kapsaml\u0131 \u015fekilde ele ald\u0131k&quot; ifadesini kullanan \u00c7ift\u00e7i, \u015funlar\u0131 kaydetti:<\/p>\n<p>&quot;D\u00fczensiz g\u00f6\u00e7le m\u00fccadelede, kayna\u011f\u0131nda \u00e7\u00f6z\u00fcmden s\u0131n\u0131r g\u00fcvenli\u011fine, etkin yakalamadan geri g\u00f6nderme mekanizmalar\u0131na uzanan \u00e7ok boyutlu stratejimizi kararl\u0131l\u0131kla s\u00fcrd\u00fcr\u00fcyoruz. Att\u0131\u011f\u0131m\u0131z her ad\u0131m, yaln\u0131zca \u00fclkemizin de\u011fil, ayn\u0131 zamanda Avrupa&#x27;n\u0131n g\u00fcvenli\u011fine de katk\u0131 sa\u011flamaktad\u0131r. Ter\u00f6r ve organize su\u00e7larla m\u00fccadelede i\u015fbirli\u011finin derinle\u015ftirilmesi, bilgi payla\u015f\u0131m\u0131n\u0131n art\u0131r\u0131lmas\u0131 ve iltica sisteminin istismar\u0131na kar\u015f\u0131 ortak bir hassasiyet geli\u015ftirilmesi gerekti\u011fini bir kez daha vurgulad\u0131k. Kom\u015fular\u0131m\u0131zla samimi ve yap\u0131c\u0131 diyalog temelinde ilerletti\u011fimiz \u00fc\u00e7l\u00fc mekanizman\u0131n, b\u00f6lgemizin g\u00fcvenli\u011fi ve istikrar\u0131 a\u00e7\u0131s\u0131ndan g\u00fc\u00e7l\u00fc bir zemin olu\u015fturmaya devam edece\u011fine inan\u0131yoruz.&quot;<\/p>\n<p>T\u00fcrkiye g\u00fcndeminden son dakika haberleri, bug\u00fcn ya\u015fanan en son&#8230;<\/p>\n","protected":false},"excerpt":{"rendered":"<p>\u0130\u00e7i\u015fleri Bakan\u0131 Mustafa \u00c7ift\u00e7i, T\u00fcrkiye-Bulgaristan-Yunanistan \u00dc\u00e7l\u00fc Mekanizma Toplant\u0131s\u0131&#8217;nda, d\u00fczensiz g\u00f6\u00e7le m\u00fccadele, \u00fc\u00e7l\u00fc mekanizma \u00e7al\u0131\u015fmalar\u0131, ter\u00f6r ve&#8230;<\/p>\n","protected":false},"author":2,"featured_media":30587,"comment_status":"open","ping_status":"open","sticky":false,"template":"","format":"standard","meta":{"footnotes":""},"categories":[6,5],"tags":[],"class_list":["post-30588","post","type-post","status-publish","format-standard","has-post-thumbnail","hentry","category-gundem","category-son-dakika"],"_links":{"self":[{"href":"https:\/\/eskigazeteci.com\/index.php?rest_route=\/wp\/v2\/posts\/30588","targetHints":{"allow":["GET"]}}],"collection":[{"href":"https:\/\/eskigazeteci.com\/index.php?rest_route=\/wp\/v2\/posts"}],"about":[{"href":"https:\/\/eskigazeteci.com\/index.php?rest_route=\/wp\/v2\/types\/post"}],"author":[{"embeddable":true,"href":"https:\/\/eskigazeteci.com\/index.php?rest_route=\/wp\/v2\/users\/2"}],"replies":[{"embeddable":true,"href":"https:\/\/eskigazeteci.com\/index.php?rest_route=%2Fwp%2Fv2%2Fcomments&post=30588"}],"version-history":[{"count":0,"href":"https:\/\/eskigazeteci.com\/index.php?rest_route=\/wp\/v2\/posts\/30588\/revisions"}],"wp:featuredmedia":[{"embeddable":true,"href":"https:\/\/eskigazeteci.com\/index.php?rest_route=\/wp\/v2\/media\/30587"}],"wp:attachment":[{"href":"https:\/\/eskigazeteci.com\/index.php?rest_route=%2Fwp%2Fv2%2Fmedia&parent=30588"}],"wp:term":[{"taxonomy":"category","embeddable":true,"href":"https:\/\/eskigazeteci.com\/index.php?rest_route=%2Fwp%2Fv2%2Fcategories&post=30588"},{"taxonomy":"post_tag","embeddable":true,"href":"https:\/\/eskigazeteci.com\/index.php?rest_route=%2Fwp%2Fv2%2Ftags&post=30588"}],"curies":[{"name":"wp","href":"https:\/\/api.w.org\/{rel}","templated":true}]}}