{"id":30584,"date":"2026-04-29T16:24:59","date_gmt":"2026-04-29T16:24:59","guid":{"rendered":"https:\/\/eskigazeteci.com\/?p=30584"},"modified":"2026-04-29T16:24:59","modified_gmt":"2026-04-29T16:24:59","slug":"erzurumspor-sampiyonluk-turu-atti","status":"publish","type":"post","link":"https:\/\/eskigazeteci.com\/?p=30584","title":{"rendered":"Erzurumspor \u015fampiyonluk turu att\u0131!"},"content":{"rendered":"<p>Ligin 36. haftas\u0131nda Bodrum FK ile deplasmanda oynad\u0131\u011f\u0131 ma\u00e7\u0131n ard\u0131ndan S\u00fcper Lig &#x27;e y\u00fckselerek 5 y\u0131ll\u0131k hasrete son veren mavi-beyazl\u0131 ekip, \u015fampiyonlu\u011fu taraftar\u0131yla kutluyor.<\/p>\n<p>Mavi-beyazl\u0131 ekip, Yakutiye il\u00e7esindeki kul\u00fcp tesislerinden \u00fcst\u00fc a\u00e7\u0131k otob\u00fcsle \u015fehir turuna \u00e7\u0131kt\u0131. Futbolcular, teknik heyet ve kul\u00fcp y\u00f6neticilerinin yer ald\u0131\u011f\u0131 otob\u00fcse taraftarlar da e\u015flik etti.<\/p>\n<p>Ellerinde bayraklar, havai fi\u015fek ve me\u015falelerle sokaklar\u0131 dolduran taraftarlar, tak\u0131ma yo\u011fun sevgi g\u00f6sterisinde bulundu.<\/p>\n<p>Mavi-beyazl\u0131 ekip, \u015fehir turunun ard\u0131ndan Erzurum Miting ve Etkinlik Alan\u0131&#x27;nda d\u00fczenlenecek t\u00f6renle \u015fampiyonluk kupas\u0131n\u0131 kald\u0131racak.<\/p>\n<p>T\u00fcrkiye&#x27;den ve D\u00fcnya\u2019dan son dakika haberleri, k\u00f6\u015fe yaz\u0131lar\u0131, magazinden siyasete, spordan seyahate b\u00fct\u00fcn konular\u0131n tek adresi Hurriyet.com.tr haber i\u00e7erikleri izin al\u0131nmadan, kaynak g\u00f6sterilerek dahi iktibas edilemez. Kanuna ayk\u0131r\u0131 ve izinsiz olarak kopyalanamaz, ba\u015fka yerde yay\u0131nlanamaz.<\/p>\n","protected":false},"excerpt":{"rendered":"<p>1. Lig&#8217;de bitime 2 hafta kala S\u00fcper Lig&#8217;e y\u00fckselmeyi garantileyen Erzurumspor FK, \u015fampiyonluk kutlamalar\u0131 kapsam\u0131nda otob\u00fcsle \u015fehir turu att\u0131.<\/p>\n","protected":false},"author":2,"featured_media":30583,"comment_status":"open","ping_status":"open","sticky":false,"template":"","format":"standard","meta":{"footnotes":""},"categories":[5,7],"tags":[],"class_list":["post-30584","post","type-post","status-publish","format-standard","has-post-thumbnail","hentry","category-son-dakika","category-spor"],"_links":{"self":[{"href":"https:\/\/eskigazeteci.com\/index.php?rest_route=\/wp\/v2\/posts\/30584","targetHints":{"allow":["GET"]}}],"collection":[{"href":"https:\/\/eskigazeteci.com\/index.php?rest_route=\/wp\/v2\/posts"}],"about":[{"href":"https:\/\/eskigazeteci.com\/index.php?rest_route=\/wp\/v2\/types\/post"}],"author":[{"embeddable":true,"href":"https:\/\/eskigazeteci.com\/index.php?rest_route=\/wp\/v2\/users\/2"}],"replies":[{"embeddable":true,"href":"https:\/\/eskigazeteci.com\/index.php?rest_route=%2Fwp%2Fv2%2Fcomments&post=30584"}],"version-history":[{"count":0,"href":"https:\/\/eskigazeteci.com\/index.php?rest_route=\/wp\/v2\/posts\/30584\/revisions"}],"wp:featuredmedia":[{"embeddable":true,"href":"https:\/\/eskigazeteci.com\/index.php?rest_route=\/wp\/v2\/media\/30583"}],"wp:attachment":[{"href":"https:\/\/eskigazeteci.com\/index.php?rest_route=%2Fwp%2Fv2%2Fmedia&parent=30584"}],"wp:term":[{"taxonomy":"category","embeddable":true,"href":"https:\/\/eskigazeteci.com\/index.php?rest_route=%2Fwp%2Fv2%2Fcategories&post=30584"},{"taxonomy":"post_tag","embeddable":true,"href":"https:\/\/eskigazeteci.com\/index.php?rest_route=%2Fwp%2Fv2%2Ftags&post=30584"}],"curies":[{"name":"wp","href":"https:\/\/api.w.org\/{rel}","templated":true}]}}