{"id":30582,"date":"2026-04-29T16:18:04","date_gmt":"2026-04-29T16:18:04","guid":{"rendered":"https:\/\/eskigazeteci.com\/?p=30582"},"modified":"2026-04-29T16:18:04","modified_gmt":"2026-04-29T16:18:04","slug":"istanbula-kis-geri-geliyor-meteorolojiden-uyari-yagis-ve-kar-geliyor","status":"publish","type":"post","link":"https:\/\/eskigazeteci.com\/?p=30582","title":{"rendered":"\u0130stanbul\u2019a k\u0131\u015f geri geliyor! Meteoroloji\u2019den uyar\u0131: Ya\u011f\u0131\u015f ve kar geliyor"},"content":{"rendered":"<p>MGM \u0130stanbul Tahmin ve Erken Uyar\u0131 Merkezi&#x27;nden yap\u0131lan a\u00e7\u0131klamada; Marmara B\u00f6lgesi&#x27;nin 1 May\u0131s Cuma g\u00fcn\u00fcnden itibaren serin ve ya\u011f\u0131\u015fl\u0131 havan\u0131n etkisi alt\u0131na girece\u011fi belirtildi.<\/p>\n<p>MEVS\u0130M NORMALLER\u0130N\u0130N \u00dcZER\u0130NDE SEYREDECEK<\/p>\n<p>A\u00e7\u0131klamada, \u201cHalen mevsim normalleri civar\u0131nda seyreden hava s\u0131cakl\u0131klar\u0131n\u0131n hissedilir derecede azalarak \u00f6n\u00fcm\u00fczdeki hafta ortas\u0131na kadar mevsim normallerinin alt\u0131na d\u00fc\u015fece\u011fi tahmin edilmektedir. Ya\u011f\u0131\u015flar\u0131n genel olarak sa\u011fanak ve g\u00f6k g\u00fcr\u00fclt\u00fcl\u00fc sa\u011fanak \u015feklinde, y\u00fcksek kesimlerde ise karla kar\u0131\u015f\u0131k ya\u011fmur ve yer yer kar \u015feklinde olaca\u011f\u0131 tahmin edilmektedir. \u00c7evre, \u015eehircilik ve \u0130klim De\u011fi\u015fikli\u011fi Bakanl\u0131\u011f\u0131 Meteoroloji Genel M\u00fcd\u00fcrl\u00fc\u011f\u00fc taraf\u0131ndan haz\u0131rlanarak yay\u0131mlanacak tahminler ile meteorolojik erken uyar\u0131lar\u0131n takip edilmesi \u00f6nem arz etmektedir\u201d denildi.<\/p>\n<p>BU \u0130LLERE D\u0130KKAT<\/p>\n<p>B\u00f6lgede 1-6 May\u0131s 2026 tarihleri aras\u0131nda beklenen en d\u00fc\u015f\u00fck hava s\u0131cakl\u0131klar\u0131 \u015f\u00f6yle:<\/p>\n<p>\u201c\u0130stanbul: 8, Edirne: 6, K\u0131rklareli: 5, Tekirda\u011f: 7, Kocaeli: 9, Sakarya: 7, Yalova: 10\u201d<\/p>\n<p>T\u00fcrkiye g\u00fcndeminden son dakika haberleri, bug\u00fcn ya\u015fanan en son geli\u015fmeler, siyaset g\u00fcndeminden g\u00fcncel haberler ve b\u00fct\u00fcn son dakika haberleri i\u00e7in H\u00fcrriyet&#x27;in internet haber sitesi hurriyet.com.tr; Hurriyet.com.tr haber&#8230;<\/p>\n","protected":false},"excerpt":{"rendered":"<p>METEOROLOJ\u0130 Genel M\u00fcd\u00fcrl\u00fc\u011f\u00fc (MGM), Marmara B\u00f6lgesi&#8217;nin 1 May\u0131s Cuma g\u00fcn\u00fcnden itibaren serin ve ya\u011f\u0131\u015fl\u0131 havan\u0131n etkisi alt\u0131na girece\u011fini, hava s\u0131cakl\u0131\u011f\u0131n\u0131n&#8230;<\/p>\n","protected":false},"author":2,"featured_media":30581,"comment_status":"open","ping_status":"open","sticky":false,"template":"","format":"standard","meta":{"footnotes":""},"categories":[6,5],"tags":[],"class_list":["post-30582","post","type-post","status-publish","format-standard","has-post-thumbnail","hentry","category-gundem","category-son-dakika"],"_links":{"self":[{"href":"https:\/\/eskigazeteci.com\/index.php?rest_route=\/wp\/v2\/posts\/30582","targetHints":{"allow":["GET"]}}],"collection":[{"href":"https:\/\/eskigazeteci.com\/index.php?rest_route=\/wp\/v2\/posts"}],"about":[{"href":"https:\/\/eskigazeteci.com\/index.php?rest_route=\/wp\/v2\/types\/post"}],"author":[{"embeddable":true,"href":"https:\/\/eskigazeteci.com\/index.php?rest_route=\/wp\/v2\/users\/2"}],"replies":[{"embeddable":true,"href":"https:\/\/eskigazeteci.com\/index.php?rest_route=%2Fwp%2Fv2%2Fcomments&post=30582"}],"version-history":[{"count":0,"href":"https:\/\/eskigazeteci.com\/index.php?rest_route=\/wp\/v2\/posts\/30582\/revisions"}],"wp:featuredmedia":[{"embeddable":true,"href":"https:\/\/eskigazeteci.com\/index.php?rest_route=\/wp\/v2\/media\/30581"}],"wp:attachment":[{"href":"https:\/\/eskigazeteci.com\/index.php?rest_route=%2Fwp%2Fv2%2Fmedia&parent=30582"}],"wp:term":[{"taxonomy":"category","embeddable":true,"href":"https:\/\/eskigazeteci.com\/index.php?rest_route=%2Fwp%2Fv2%2Fcategories&post=30582"},{"taxonomy":"post_tag","embeddable":true,"href":"https:\/\/eskigazeteci.com\/index.php?rest_route=%2Fwp%2Fv2%2Ftags&post=30582"}],"curies":[{"name":"wp","href":"https:\/\/api.w.org\/{rel}","templated":true}]}}