{"id":30580,"date":"2026-04-29T16:16:30","date_gmt":"2026-04-29T16:16:30","guid":{"rendered":"https:\/\/eskigazeteci.com\/?p=30580"},"modified":"2026-04-29T16:16:30","modified_gmt":"2026-04-29T16:16:30","slug":"yokten-dogum-yapan-lisansustu-ogrencilerine-ek-sure-yazisi-2","status":"publish","type":"post","link":"https:\/\/eskigazeteci.com\/?p=30580","title":{"rendered":"Y\u00d6K&#8217;ten do\u011fum yapan lisans\u00fcst\u00fc \u00f6\u011frencilerine ek s\u00fcre yaz\u0131s\u0131"},"content":{"rendered":"<p>Yaz\u0131da, 6 Mart tarihli Resmi Gazete &#x27;de yay\u0131mlanan Lisans\u00fcst\u00fc E\u011fitim ve \u00d6\u011fretim Y\u00f6netmeli\u011finde De\u011fi\u015fiklik Yap\u0131lmas\u0131na Dair Y\u00f6netmelik&#x27;in 2&#x27;nci maddesi ile Lisans\u00fcst\u00fc E\u011fitim ve \u00d6\u011fretim Y\u00f6netmeli\u011fi&#x27;nin 35&#x27;inci maddesine eklenen 9&#x27;uncu f\u0131krada yer alan &quot;Do\u011fum yapan lisans\u00fcst\u00fc kad\u0131n \u00f6\u011frencilere talepleri halinde do\u011fum sonras\u0131 iki d\u00f6nem ek s\u00fcre verilebilir, verilen bu s\u00fcreler azami s\u00fcreden say\u0131lmaz.&quot; h\u00fckm\u00fc an\u0131msat\u0131ld\u0131.<\/p>\n<p>\u00c7e\u015fitli \u00fcniversite rekt\u00f6rl\u00fcklerinin, s\u00f6z konusu h\u00fckm\u00fcn uygulanmas\u0131na ili\u015fkin g\u00f6r\u00fc\u015f talep eden yaz\u0131lar\u0131n\u0131n, Y\u00fcksek\u00f6\u011fretim Y\u00fcr\u00fctme Kurulunun 22 Nisan tarihli toplant\u0131s\u0131nda incelendi\u011fi belirtilen yaz\u0131da, \u015funlar kaydedildi:<\/p>\n<p>&quot;Y\u00f6netmelik yay\u0131m\u0131ndan \u00f6nce do\u011fum yapan ve \u00f6\u011frencili\u011fi devam eden \u00f6\u011frencilerin an\u0131lan Y\u00f6netmelik h\u00fckm\u00fcnden yararlanabilecekleri, kay\u0131t tarihi itibar\u0131yla do\u011fum yapan lisans\u00fcst\u00fc \u00f6\u011frencilerin \u00f6\u011frencilik s\u00fcresi i\u00e7inde s\u00fcre \u015fart\u0131 olmadan ek s\u00fcre talebinde bulunabilecekleri, do\u011fum sonras\u0131 iki d\u00f6nem kay\u0131t donduran \u00f6\u011frencilerin, kay\u0131t dondurma tarihinin bitiminde talep etmeleri halinde s\u00f6z konusu Y\u00f6netmelik h\u00fckm\u00fc kapsam\u0131nda iki d\u00f6nem ek s\u00fcre talebinde bulunabilecekleri, y\u00fcksek lisans, doktora programlar\u0131nda kay\u0131tl\u0131 ve tez d\u00fczeltme s\u00fcrecindeki \u00f6\u011frencilerin do\u011fum&#8230;<\/p>\n","protected":false},"excerpt":{"rendered":"<p>Y\u00fcksek\u00f6\u011fretim Kurulunca (Y\u00d6K) t\u00fcm \u00fcniversitelere, do\u011fum yapan lisans\u00fcst\u00fc \u00f6\u011frencilerin ek s\u00fcre i\u015flemlerine ili\u015fkin yaz\u0131 g\u00f6nderildi.<\/p>\n","protected":false},"author":2,"featured_media":30579,"comment_status":"open","ping_status":"open","sticky":false,"template":"","format":"standard","meta":{"footnotes":""},"categories":[6,5],"tags":[],"class_list":["post-30580","post","type-post","status-publish","format-standard","has-post-thumbnail","hentry","category-gundem","category-son-dakika"],"_links":{"self":[{"href":"https:\/\/eskigazeteci.com\/index.php?rest_route=\/wp\/v2\/posts\/30580","targetHints":{"allow":["GET"]}}],"collection":[{"href":"https:\/\/eskigazeteci.com\/index.php?rest_route=\/wp\/v2\/posts"}],"about":[{"href":"https:\/\/eskigazeteci.com\/index.php?rest_route=\/wp\/v2\/types\/post"}],"author":[{"embeddable":true,"href":"https:\/\/eskigazeteci.com\/index.php?rest_route=\/wp\/v2\/users\/2"}],"replies":[{"embeddable":true,"href":"https:\/\/eskigazeteci.com\/index.php?rest_route=%2Fwp%2Fv2%2Fcomments&post=30580"}],"version-history":[{"count":0,"href":"https:\/\/eskigazeteci.com\/index.php?rest_route=\/wp\/v2\/posts\/30580\/revisions"}],"wp:featuredmedia":[{"embeddable":true,"href":"https:\/\/eskigazeteci.com\/index.php?rest_route=\/wp\/v2\/media\/30579"}],"wp:attachment":[{"href":"https:\/\/eskigazeteci.com\/index.php?rest_route=%2Fwp%2Fv2%2Fmedia&parent=30580"}],"wp:term":[{"taxonomy":"category","embeddable":true,"href":"https:\/\/eskigazeteci.com\/index.php?rest_route=%2Fwp%2Fv2%2Fcategories&post=30580"},{"taxonomy":"post_tag","embeddable":true,"href":"https:\/\/eskigazeteci.com\/index.php?rest_route=%2Fwp%2Fv2%2Ftags&post=30580"}],"curies":[{"name":"wp","href":"https:\/\/api.w.org\/{rel}","templated":true}]}}