{"id":30574,"date":"2026-04-29T15:44:55","date_gmt":"2026-04-29T15:44:55","guid":{"rendered":"https:\/\/eskigazeteci.com\/?p=30574"},"modified":"2026-04-29T15:44:55","modified_gmt":"2026-04-29T15:44:55","slug":"ispanyada-rakibine-yumruk-atan-kaleciye-rekor-ceza","status":"publish","type":"post","link":"https:\/\/eskigazeteci.com\/?p=30574","title":{"rendered":"\u0130spanya&#8217;da rakibine yumruk atan kaleciye rekor ceza!"},"content":{"rendered":"<p>\u0130spanya Futbol Federasyonu (RFEF) Disiplin Komitesi, Huesca-Real Zaragoza ma\u00e7\u0131n\u0131n son dakikalar\u0131nda saha ortas\u0131na kadar ko\u015fturarak rakibi Jorge Pulido&#x27;nun y\u00fcz\u00fcne yumruk atan Arjantinli kaleci Esteban Andrada&#x27;ya \u00e7ift sar\u0131 karttan 1 ma\u00e7, rakibine uygulad\u0131\u011f\u0131 \u015fiddetten dolay\u0131 da 12 ma\u00e7 olmak \u00fczere toplam 13 ma\u00e7l\u0131k men cezas\u0131 verdi.<\/p>\n<p>Sezon sonunda s\u00f6zle\u015fmesi bitecek olan 35 ya\u015f\u0131ndaki Arjantinli kaleci, ald\u0131\u011f\u0131 ceza ve s\u00f6zle\u015fmesinin uzat\u0131lmamas\u0131ndan dolay\u0131 bir daha Real Zaragoza&#x27;n\u0131n formas\u0131n\u0131 giyemeyecek.<\/p>\n<p>\ud83d\udfe5 Real Zaragoza kalecisi Esteban Andrada, Jorge Pulido&#x27;yu yumruk att\u0131\u011f\u0131 i\u00e7in 13 ma\u00e7l\u0131k cezaya ald\u0131 pic.twitter.com\/tGc95pfZHG<\/p>\n<p>Komite, ayn\u0131 ma\u00e7ta \u00e7\u0131kan olaylardan Huesca&#x27;n\u0131n kalecisi Dani Jimenez&#x27;e 4 ma\u00e7, Real Zaragozal\u0131 futbolcu Dani Tasende&#x27;ye de 2 ma\u00e7 ceza verdi.<\/p>\n<p>Ligde kalma m\u00fccadelesi veren iki tak\u0131m\u0131n kar\u015f\u0131la\u015fmas\u0131nda Huesca, Zaragoza&#x27;y\u0131 1-0 ma\u011flup etmi\u015fti.<\/p>\n<p>Andrada, \u0130spanyol medyas\u0131nda g\u00fcndem oldu\u011fu sahadaki \u015fiddet eyleminden sonra yapt\u0131\u011f\u0131 a\u00e7\u0131klamada pi\u015fman oldu\u011funu belirtip, &quot;Ya\u015fananlardan dolay\u0131 derin \u00fcz\u00fcnt\u00fc duyuyorum. Bu durum kul\u00fcp, taraftarlar ve benim gibi bir profesyonel i\u00e7in iyi bir imaj de\u011fil. Kontrol\u00fcm\u00fc kaybetti\u011fim ve bu \u015fekilde tepki verdi\u011fim bir durumdu. Bunu bir daha&#8230;<\/p>\n","protected":false},"excerpt":{"rendered":"<p>\u0130spanya 2. Futbol Ligi&#8217;nde m\u00fccadele eden Real Zaragoza tak\u0131m\u0131n\u0131n kalecisi Esteban Andrada, 26 Nisan&#8217;da Huesca deplasman\u0131nda oynanan ma\u00e7ta rakibine att\u0131\u011f\u0131&#8230;<\/p>\n","protected":false},"author":2,"featured_media":30573,"comment_status":"open","ping_status":"open","sticky":false,"template":"","format":"standard","meta":{"footnotes":""},"categories":[5,7],"tags":[],"class_list":["post-30574","post","type-post","status-publish","format-standard","has-post-thumbnail","hentry","category-son-dakika","category-spor"],"_links":{"self":[{"href":"https:\/\/eskigazeteci.com\/index.php?rest_route=\/wp\/v2\/posts\/30574","targetHints":{"allow":["GET"]}}],"collection":[{"href":"https:\/\/eskigazeteci.com\/index.php?rest_route=\/wp\/v2\/posts"}],"about":[{"href":"https:\/\/eskigazeteci.com\/index.php?rest_route=\/wp\/v2\/types\/post"}],"author":[{"embeddable":true,"href":"https:\/\/eskigazeteci.com\/index.php?rest_route=\/wp\/v2\/users\/2"}],"replies":[{"embeddable":true,"href":"https:\/\/eskigazeteci.com\/index.php?rest_route=%2Fwp%2Fv2%2Fcomments&post=30574"}],"version-history":[{"count":0,"href":"https:\/\/eskigazeteci.com\/index.php?rest_route=\/wp\/v2\/posts\/30574\/revisions"}],"wp:featuredmedia":[{"embeddable":true,"href":"https:\/\/eskigazeteci.com\/index.php?rest_route=\/wp\/v2\/media\/30573"}],"wp:attachment":[{"href":"https:\/\/eskigazeteci.com\/index.php?rest_route=%2Fwp%2Fv2%2Fmedia&parent=30574"}],"wp:term":[{"taxonomy":"category","embeddable":true,"href":"https:\/\/eskigazeteci.com\/index.php?rest_route=%2Fwp%2Fv2%2Fcategories&post=30574"},{"taxonomy":"post_tag","embeddable":true,"href":"https:\/\/eskigazeteci.com\/index.php?rest_route=%2Fwp%2Fv2%2Ftags&post=30574"}],"curies":[{"name":"wp","href":"https:\/\/api.w.org\/{rel}","templated":true}]}}