{"id":30572,"date":"2026-04-29T15:36:06","date_gmt":"2026-04-29T15:36:06","guid":{"rendered":"https:\/\/eskigazeteci.com\/?p=30572"},"modified":"2026-04-29T15:36:06","modified_gmt":"2026-04-29T15:36:06","slug":"hamile-esini-oldurmustu-agirlastirilmis-muebbet-hapis-cezasina-carptirildi","status":"publish","type":"post","link":"https:\/\/eskigazeteci.com\/?p=30572","title":{"rendered":"Hamile e\u015fini \u00f6ld\u00fcrm\u00fc\u015ft\u00fc\u2026 A\u011f\u0131rla\u015ft\u0131r\u0131lm\u0131\u015f m\u00fcebbet hapis cezas\u0131na \u00e7arpt\u0131r\u0131ld\u0131"},"content":{"rendered":"<p>Olay, 10 Nisan 2025 gecesi Bah\u00e7elievler Mahallesi&#x27;nde meydana geldi. Eve i\u00e7kili gelen Alican K\u0131z\u0131lay ile 8 ayl\u0131k hamile e\u015fi Beste K\u0131z\u0131lay aras\u0131nda tart\u0131\u015fma \u00e7\u0131kt\u0131. K\u0131z\u0131lay, evdeki tabancayla e\u015fi Beste K\u0131z\u0131lay&#x27;\u0131 ba\u015f\u0131ndan vurdu. Malatya E\u011fitim ve Ara\u015ft\u0131rma Hastanesi&#x27;ne kald\u0131r\u0131lan Beste K\u0131z\u0131lay ve karn\u0131ndaki bebe\u011fi, kurtar\u0131lamad\u0131. Hastanenin \u00f6n\u00fcnde g\u00f6zalt\u0131na al\u0131nan Alican K\u0131z\u0131lay tutukland\u0131. Alican K\u0131z\u0131lay hakk\u0131nda &#x27;E\u015fi kasten adam \u00f6ld\u00fcrme&#x27; su\u00e7undan a\u011f\u0131rla\u015ft\u0131r\u0131lm\u0131\u015f m\u00fcebbet hapis cezas\u0131 istemiyle dava a\u00e7\u0131ld\u0131. Tutuklu san\u0131k K\u0131z\u0131lay, bug\u00fcn d\u00f6rd\u00fcnc\u00fc kez hakim kar\u015f\u0131s\u0131na \u00e7\u0131kt\u0131.<\/p>\n<p>D\u00d6RD\u00dcNC\u00dc DURU\u015eMA G\u00d6R\u00dcLD\u00dc<\/p>\n<p>Malatya 2&#x27;nci A\u011f\u0131r Ceza Mahkemesi\u2019nde g\u00f6r\u00fclen duru\u015fmaya san\u0131k K\u0131z\u0131lay ile &#x27;Delil karartma ve delilleri ortadan yok etme&#x27; su\u00e7undan 6 aydan 5 y\u0131la kadar hapsi istenen babas\u0131 D.K., annesi N.K. ile karde\u015fleri S.K. ve F.K., Beste K\u0131z\u0131lay&#x27;\u0131n babas\u0131 Ahmet Fuat \u00d6zhan, annesi G\u00fclay ve k\u0131z karde\u015fi Buse \u00d6zhan ile taraf avukatlar\u0131 kat\u0131ld\u0131. Duru\u015fmay\u0131 Malatya Barosu ile Aile ve Sosyal Hizmetler Bakanl\u0131\u011f\u0131&#x27;ndan avukatlar da takip etti.<\/p>\n<p>BABASI G\u00d6ZYA\u015eLARINA HAK\u0130M OLAMADI<\/p>\n<p>Mahkeme heyeti, dosyaya eklenen olay yeri inceleme b\u00fcroya ait g\u00f6r\u00fcnt\u00fclerin izlenmesini istedi. Bu s\u0131rada Beste K\u0131z\u0131lay&#x27;\u0131n babas\u0131 Ahmet&#8230;<\/p>\n","protected":false},"excerpt":{"rendered":"<p>MALATYA&#8217;n\u0131n Hekimhan il\u00e7esinde hamile e\u015fi Beste K\u0131z\u0131lay&#8217;\u0131 (22) \u00f6ld\u00fcren tutuklu san\u0131k Alican K\u0131z\u0131lay, a\u011f\u0131rla\u015ft\u0131r\u0131lm\u0131\u015f m\u00fcebbet hapis cezas\u0131na \u00e7arpt\u0131r\u0131ld\u0131.<\/p>\n","protected":false},"author":2,"featured_media":30571,"comment_status":"open","ping_status":"open","sticky":false,"template":"","format":"standard","meta":{"footnotes":""},"categories":[6,5],"tags":[],"class_list":["post-30572","post","type-post","status-publish","format-standard","has-post-thumbnail","hentry","category-gundem","category-son-dakika"],"_links":{"self":[{"href":"https:\/\/eskigazeteci.com\/index.php?rest_route=\/wp\/v2\/posts\/30572","targetHints":{"allow":["GET"]}}],"collection":[{"href":"https:\/\/eskigazeteci.com\/index.php?rest_route=\/wp\/v2\/posts"}],"about":[{"href":"https:\/\/eskigazeteci.com\/index.php?rest_route=\/wp\/v2\/types\/post"}],"author":[{"embeddable":true,"href":"https:\/\/eskigazeteci.com\/index.php?rest_route=\/wp\/v2\/users\/2"}],"replies":[{"embeddable":true,"href":"https:\/\/eskigazeteci.com\/index.php?rest_route=%2Fwp%2Fv2%2Fcomments&post=30572"}],"version-history":[{"count":0,"href":"https:\/\/eskigazeteci.com\/index.php?rest_route=\/wp\/v2\/posts\/30572\/revisions"}],"wp:featuredmedia":[{"embeddable":true,"href":"https:\/\/eskigazeteci.com\/index.php?rest_route=\/wp\/v2\/media\/30571"}],"wp:attachment":[{"href":"https:\/\/eskigazeteci.com\/index.php?rest_route=%2Fwp%2Fv2%2Fmedia&parent=30572"}],"wp:term":[{"taxonomy":"category","embeddable":true,"href":"https:\/\/eskigazeteci.com\/index.php?rest_route=%2Fwp%2Fv2%2Fcategories&post=30572"},{"taxonomy":"post_tag","embeddable":true,"href":"https:\/\/eskigazeteci.com\/index.php?rest_route=%2Fwp%2Fv2%2Ftags&post=30572"}],"curies":[{"name":"wp","href":"https:\/\/api.w.org\/{rel}","templated":true}]}}