{"id":30568,"date":"2026-04-29T15:14:53","date_gmt":"2026-04-29T15:14:53","guid":{"rendered":"https:\/\/eskigazeteci.com\/?p=30568"},"modified":"2026-04-29T15:14:53","modified_gmt":"2026-04-29T15:14:53","slug":"freni-patlayan-tir-karsi-seride-gecti-feci-kazada-olu-ve-yaralilar-var","status":"publish","type":"post","link":"https:\/\/eskigazeteci.com\/?p=30568","title":{"rendered":"Freni patlayan t\u0131r kar\u015f\u0131 \u015feride ge\u00e7ti\u2026. Feci kazada \u00f6l\u00fc ve yaral\u0131lar var"},"content":{"rendered":"<p>\u0130zmir&#8217;in Bornova il\u00e7esinde freni patlayan t\u0131r kar\u015f\u0131 \u015feride ge\u00e7erek aralar\u0131nda polis arac\u0131n\u0131n da bulundu\u011fu ara\u00e7lara \u00e7arpt\u0131. Kazada \u00f6l\u00fc ve yaral\u0131lar\u0131n oldu\u011fu&#8230;<\/p>\n","protected":false},"excerpt":{"rendered":"<p>\u0130zmir&#8217;in Bornova il\u00e7esinde freni patlayan t\u0131r kar\u015f\u0131 \u015feride ge\u00e7erek aralar\u0131nda polis arac\u0131n\u0131n da bulundu\u011fu ara\u00e7lara \u00e7arpt\u0131. Kazada \u00f6l\u00fc ve yaral\u0131lar\u0131n oldu\u011fu&#8230;<\/p>\n","protected":false},"author":2,"featured_media":30567,"comment_status":"open","ping_status":"open","sticky":false,"template":"","format":"standard","meta":{"footnotes":""},"categories":[6,5],"tags":[],"class_list":["post-30568","post","type-post","status-publish","format-standard","has-post-thumbnail","hentry","category-gundem","category-son-dakika"],"_links":{"self":[{"href":"https:\/\/eskigazeteci.com\/index.php?rest_route=\/wp\/v2\/posts\/30568","targetHints":{"allow":["GET"]}}],"collection":[{"href":"https:\/\/eskigazeteci.com\/index.php?rest_route=\/wp\/v2\/posts"}],"about":[{"href":"https:\/\/eskigazeteci.com\/index.php?rest_route=\/wp\/v2\/types\/post"}],"author":[{"embeddable":true,"href":"https:\/\/eskigazeteci.com\/index.php?rest_route=\/wp\/v2\/users\/2"}],"replies":[{"embeddable":true,"href":"https:\/\/eskigazeteci.com\/index.php?rest_route=%2Fwp%2Fv2%2Fcomments&post=30568"}],"version-history":[{"count":0,"href":"https:\/\/eskigazeteci.com\/index.php?rest_route=\/wp\/v2\/posts\/30568\/revisions"}],"wp:featuredmedia":[{"embeddable":true,"href":"https:\/\/eskigazeteci.com\/index.php?rest_route=\/wp\/v2\/media\/30567"}],"wp:attachment":[{"href":"https:\/\/eskigazeteci.com\/index.php?rest_route=%2Fwp%2Fv2%2Fmedia&parent=30568"}],"wp:term":[{"taxonomy":"category","embeddable":true,"href":"https:\/\/eskigazeteci.com\/index.php?rest_route=%2Fwp%2Fv2%2Fcategories&post=30568"},{"taxonomy":"post_tag","embeddable":true,"href":"https:\/\/eskigazeteci.com\/index.php?rest_route=%2Fwp%2Fv2%2Ftags&post=30568"}],"curies":[{"name":"wp","href":"https:\/\/api.w.org\/{rel}","templated":true}]}}