{"id":30564,"date":"2026-04-29T14:59:32","date_gmt":"2026-04-29T14:59:32","guid":{"rendered":"https:\/\/eskigazeteci.com\/?p=30564"},"modified":"2026-04-29T14:59:32","modified_gmt":"2026-04-29T14:59:32","slug":"tbmmde-okul-saldirilari-icin-kurulan-komisyonun-uyeleri-belirlendi","status":"publish","type":"post","link":"https:\/\/eskigazeteci.com\/?p=30564","title":{"rendered":"TBMM&#8217;de okul sald\u0131r\u0131lar\u0131 i\u00e7in kurulan komisyonun \u00fcyeleri belirlendi"},"content":{"rendered":"<p>Genel Kurul&#x27;da, grup \u00f6nerilerinin g\u00f6r\u00fc\u015f\u00fclmesinin ard\u0131ndan &quot;\u015eanl\u0131urfa ve Kahramanmara\u015f&#x27;ta okullarda meydana gelen olaylar ile \u00e7ocuklar\u0131n dijital ortamlarda kar\u015f\u0131la\u015ft\u0131klar\u0131 riskler ve olumsuz etkilerin t\u00fcm y\u00f6nleriyle ele al\u0131narak ara\u015ft\u0131r\u0131lmas\u0131, \u00e7\u00f6z\u00fcm \u00f6nerileri geli\u015ftirilmesi ve benzer olaylar\u0131n \u00f6nlenmesi i\u00e7in al\u0131nmas\u0131 gereken tedbirlerin belirlenmesi&quot; amac\u0131yla kurulan Meclis Ara\u015ft\u0131rmas\u0131 Komisyonu&#x27;na \u00fcye se\u00e7imi yap\u0131ld\u0131.<\/p>\n<p>Buna g\u00f6re, Komisyon \u00fcyeleri \u015fu isimlerden olu\u015ftu:<\/p>\n<p>&quot;AK Parti&#x27;den Afyonkarahisar Milletvekili Hasan Arslan, Ankara Milletvekili L\u00fctfiye Selva \u00c7am, Erzurum Milletvekili Mehmet Emin \u00d6z, \u0130stanbul Milletvekili \u0130sa Mesih \u015eahin, \u0130stanbul Milletvekili Y\u0131ld\u0131z Konal S\u00fcsl\u00fc, Kahramanmara\u015f Milletvekili \u0130rfan Karatutlu, Konya Milletvekili Latif Selvi, Ordu Milletvekili Mustafa Hamarat, Sinop Milletvekili Naz\u0131m Mavi\u015f, \u015eanl\u0131urfa Milletvekili Mehmet Ali Cevheri ve Tokat Milletvekili Yusuf Beyaz\u0131t; CHP&#x27;den \u0130stanbul Milletvekili Suat \u00d6z\u00e7a\u011fda\u015f, \u0130zmir Milletvekili Murat Bakan, Kahramanmara\u015f Milletvekili Ali \u00d6ztun\u00e7, Mu\u011fla Milletvekili Gizem \u00d6zcan ve \u015eanl\u0131urfa Milletvekili Mahmut Tanal; DEM Parti&#x27;den I\u011fd\u0131r Milletvekili Y\u0131lmaz Hun ve Mardin Milletvekili Beritan G\u00fcne\u015f Alt\u0131n; MHP&#x27;den&#8230;<\/p>\n","protected":false},"excerpt":{"rendered":"<p>TBMM Genel Kurulu&#8217;nda, \u015eanl\u0131urfa ve Kahramanmara\u015f&#8217;ta okullarda meydana gelen olaylar ile \u00e7ocuklar\u0131n dijital ortamlarda kar\u015f\u0131la\u015ft\u0131klar\u0131 riskler ve olumsuz&#8230;<\/p>\n","protected":false},"author":2,"featured_media":30563,"comment_status":"open","ping_status":"open","sticky":false,"template":"","format":"standard","meta":{"footnotes":""},"categories":[6,5],"tags":[],"class_list":["post-30564","post","type-post","status-publish","format-standard","has-post-thumbnail","hentry","category-gundem","category-son-dakika"],"_links":{"self":[{"href":"https:\/\/eskigazeteci.com\/index.php?rest_route=\/wp\/v2\/posts\/30564","targetHints":{"allow":["GET"]}}],"collection":[{"href":"https:\/\/eskigazeteci.com\/index.php?rest_route=\/wp\/v2\/posts"}],"about":[{"href":"https:\/\/eskigazeteci.com\/index.php?rest_route=\/wp\/v2\/types\/post"}],"author":[{"embeddable":true,"href":"https:\/\/eskigazeteci.com\/index.php?rest_route=\/wp\/v2\/users\/2"}],"replies":[{"embeddable":true,"href":"https:\/\/eskigazeteci.com\/index.php?rest_route=%2Fwp%2Fv2%2Fcomments&post=30564"}],"version-history":[{"count":0,"href":"https:\/\/eskigazeteci.com\/index.php?rest_route=\/wp\/v2\/posts\/30564\/revisions"}],"wp:featuredmedia":[{"embeddable":true,"href":"https:\/\/eskigazeteci.com\/index.php?rest_route=\/wp\/v2\/media\/30563"}],"wp:attachment":[{"href":"https:\/\/eskigazeteci.com\/index.php?rest_route=%2Fwp%2Fv2%2Fmedia&parent=30564"}],"wp:term":[{"taxonomy":"category","embeddable":true,"href":"https:\/\/eskigazeteci.com\/index.php?rest_route=%2Fwp%2Fv2%2Fcategories&post=30564"},{"taxonomy":"post_tag","embeddable":true,"href":"https:\/\/eskigazeteci.com\/index.php?rest_route=%2Fwp%2Fv2%2Ftags&post=30564"}],"curies":[{"name":"wp","href":"https:\/\/api.w.org\/{rel}","templated":true}]}}