{"id":30560,"date":"2026-04-29T14:56:26","date_gmt":"2026-04-29T14:56:26","guid":{"rendered":"https:\/\/eskigazeteci.com\/?p=30560"},"modified":"2026-04-29T14:56:26","modified_gmt":"2026-04-29T14:56:26","slug":"israil-ile-ukrayna-birbirine-girdi-sosyal-medyada-calinti-tahil-krizi","status":"publish","type":"post","link":"https:\/\/eskigazeteci.com\/?p=30560","title":{"rendered":"\u0130srail ile Ukrayna birbirine girdi: Sosyal medyada &#8216;\u00e7al\u0131nt\u0131 tah\u0131l&#8217; krizi"},"content":{"rendered":"<p>Ukrayna ile \u0130srail aras\u0131nda \u201c\u00e7al\u0131nt\u0131 tah\u0131l\u201d iddias\u0131 \u00fczerinden diplomatik gerilim patlak verdi. Kiev y\u00f6netimi, \u201cRusya\u2019n\u0131n Ukrayna\u2019dan \u00e7ald\u0131\u011f\u0131\u201d \u00f6ne s\u00fcr\u00fclen tah\u0131l\u0131 ta\u015f\u0131d\u0131\u011f\u0131 iddia edilen \u201cPanoramitis\u201d adl\u0131 geminin yakalanmas\u0131 i\u00e7in \u0130srail\u2019e resmi ba\u015fvuruda bulundu.<\/p>\n<p>Krizin ard\u0131ndan iki \u00fclkenin d\u0131\u015fi\u015fleri bakanlar\u0131 sosyal medya \u00fczerinden kar\u015f\u0131 kar\u015f\u0131ya geldi.<\/p>\n<p>UKRAYNA\u2019DAN \u0130SRA\u0130L\u2019E RESM\u0130 BA\u015eVURU<\/p>\n<p>Ukrayna Ba\u015fsavc\u0131s\u0131 Ruslan Krav\u00e7enko, sosyal medya hesab\u0131ndan yapt\u0131\u011f\u0131 a\u00e7\u0131klamada, yasa d\u0131\u015f\u0131 yollarla ihra\u00e7 edildi\u011fi \u00f6ne s\u00fcr\u00fclen Ukrayna tah\u0131l\u0131na ili\u015fkin soru\u015fturma kapsam\u0131nda \u0130srail\u2019e resmi talep g\u00f6nderildi\u011fini duyurdu.<\/p>\n<p>Krav\u00e7enko, \u201cUkrayna\u2019dan \u00e7al\u0131nan tah\u0131l\u0131 ta\u015f\u0131yan bir Rus gemisinin yakalanmas\u0131 i\u00e7in gerekli belgeler \u0130srail taraf\u0131na g\u00f6nderildi.\u201d ifadelerini kulland\u0131.<\/p>\n<p>HEDEFTEK\u0130 GEM\u0130: PANORAMITIS<\/p>\n<p>Ukrayna makamlar\u0131, \u201cPanoramitis\u201d adl\u0131 geminin yasa d\u0131\u015f\u0131 \u015fekilde ihra\u00e7 edilen tah\u0131l\u0131n yasalla\u015ft\u0131r\u0131lmas\u0131 plan\u0131n\u0131n par\u00e7as\u0131 olabilece\u011fini \u00f6ne s\u00fcrd\u00fc.<\/p>\n<p>Geminin \u0130srail\u2019in Hayfa kentine do\u011fru ilerledi\u011fini belirten Krav\u00e7enko, \u015fu \u00e7a\u011fr\u0131da bulundu:<\/p>\n<p>\u201cUkrayna taraf\u0131, \u0130srailli m\u00fcttefiklerden gemiyi ve kargoyu ele ge\u00e7irmeleri, arama yapmalar\u0131, gemi ve y\u00fck\u00fcn belgelerine el koymalar\u0131, tah\u0131l \u00f6rnekleri almalar\u0131 ve&#8230;<\/p>\n","protected":false},"excerpt":{"rendered":"<p>Ukrayna, \u201cRusya\u2019n\u0131n \u00e7ald\u0131\u011f\u0131 tah\u0131l\u0131 ta\u015f\u0131d\u0131\u011f\u0131\u201d iddia edilen Panoramitis adl\u0131 geminin yakalanmas\u0131 i\u00e7in \u0130srail\u2019e resmi ba\u015fvuruda bulunarak Hayfa\u2019ya giden gemiye&#8230;<\/p>\n","protected":false},"author":2,"featured_media":30559,"comment_status":"open","ping_status":"open","sticky":false,"template":"","format":"standard","meta":{"footnotes":""},"categories":[6,5],"tags":[],"class_list":["post-30560","post","type-post","status-publish","format-standard","has-post-thumbnail","hentry","category-gundem","category-son-dakika"],"_links":{"self":[{"href":"https:\/\/eskigazeteci.com\/index.php?rest_route=\/wp\/v2\/posts\/30560","targetHints":{"allow":["GET"]}}],"collection":[{"href":"https:\/\/eskigazeteci.com\/index.php?rest_route=\/wp\/v2\/posts"}],"about":[{"href":"https:\/\/eskigazeteci.com\/index.php?rest_route=\/wp\/v2\/types\/post"}],"author":[{"embeddable":true,"href":"https:\/\/eskigazeteci.com\/index.php?rest_route=\/wp\/v2\/users\/2"}],"replies":[{"embeddable":true,"href":"https:\/\/eskigazeteci.com\/index.php?rest_route=%2Fwp%2Fv2%2Fcomments&post=30560"}],"version-history":[{"count":0,"href":"https:\/\/eskigazeteci.com\/index.php?rest_route=\/wp\/v2\/posts\/30560\/revisions"}],"wp:featuredmedia":[{"embeddable":true,"href":"https:\/\/eskigazeteci.com\/index.php?rest_route=\/wp\/v2\/media\/30559"}],"wp:attachment":[{"href":"https:\/\/eskigazeteci.com\/index.php?rest_route=%2Fwp%2Fv2%2Fmedia&parent=30560"}],"wp:term":[{"taxonomy":"category","embeddable":true,"href":"https:\/\/eskigazeteci.com\/index.php?rest_route=%2Fwp%2Fv2%2Fcategories&post=30560"},{"taxonomy":"post_tag","embeddable":true,"href":"https:\/\/eskigazeteci.com\/index.php?rest_route=%2Fwp%2Fv2%2Ftags&post=30560"}],"curies":[{"name":"wp","href":"https:\/\/api.w.org\/{rel}","templated":true}]}}