{"id":30558,"date":"2026-04-29T14:54:54","date_gmt":"2026-04-29T14:54:54","guid":{"rendered":"https:\/\/eskigazeteci.com\/?p=30558"},"modified":"2026-04-29T14:54:54","modified_gmt":"2026-04-29T14:54:54","slug":"unlu-oyuncu-bes-yildir-zorlu-bir-savas-veriyordu-tam-umudunu-kesmisken-bir-tedavi-her-seyi-degistirdi-kanserden-kurtuldum","status":"publish","type":"post","link":"https:\/\/eskigazeteci.com\/?p=30558","title":{"rendered":"\u00dcnl\u00fc oyuncu be\u015f y\u0131ld\u0131r zorlu bir sava\u015f veriyordu&#8230; Tam umudunu kesmi\u015fken bir tedavi her \u015feyi de\u011fi\u015ftirdi: &#8216;Kanserden kurtuldum!&#8217;"},"content":{"rendered":"<p>Be\u015f y\u0131ld\u0131r, \u00fc\u00e7\u00fcnc\u00fc evre kan kanseriyle m\u00fccadele eden 78 ya\u015f\u0131ndaki Yeni Zelandal\u0131 oyuncu Neill, art\u0131k hastal\u0131\u011f\u0131 tamamen yendi\u011fini a\u00e7\u0131klad\u0131. Avustralya&#x27;da yay\u0131n yapan 7News&#x27;a konu\u015fan Sam Neill, ya\u015fad\u0131klar\u0131n\u0131 samimi bir \u015fekilde anlatt\u0131.<\/p>\n<p>KEMOTERAP\u0130 B\u0130R S\u00dcRE SONRA \u0130\u015eE YARAMAZ HALE GELD\u0130 S\u00f6yledi\u011fine g\u00f6re kemoterapi tedavisiyle uzun s\u00fcre hayata tutunmaya \u00e7al\u0131\u015ft\u0131. Ama sonras\u0131nda onun da umudunu k\u0131ran baz\u0131 geli\u015fmeler oldu.<\/p>\n<p>Kemoterapiyi &quot;berbat&quot; diye tan\u0131mlayan Sam Neill &quot;Bir s\u00fcre sonra i\u015fe yaramaz hale geldi. Ne yapaca\u011f\u0131m\u0131 bilmiyordum. Durum da pek iyi g\u00f6r\u00fcnm\u00fcyordu&quot; diye konu\u015ftu.<\/p>\n<p>Bu umutsuzlu\u011fun ard\u0131ndan Sam Neill, kan h\u00fccrelerinin genetik olarak de\u011fi\u015ftirildi\u011fi CAR -T adl\u0131 bir deneme tedavisine kat\u0131ld\u0131. Bu tedavi, ba\u011f\u0131\u015f\u0131kl\u0131k h\u00fccrelerini, kanseri tan\u0131y\u0131p kanserli h\u00fccreleri yok etmeleri i\u00e7in e\u011fiten ve ki\u015fiye \u00f6zel olarak d\u00fczenlenen bir imm\u00fcnoterapi y\u00f6ntemi.<\/p>\n<p>Neill, yapt\u0131\u011f\u0131 r\u00f6portajda bu tedavinin uygulanmas\u0131n\u0131n ard\u0131ndan k\u0131sa bir s\u00fcre \u00f6nce tam bir taramadan ge\u00e7ti\u011fini ve kanserin izine rastlanmad\u0131\u011f\u0131n\u0131 s\u00f6yledi.<\/p>\n<p>&#x27;540 B\u0130N DOLARLIK TEDAV\u0130&#8230; HEM B\u0130R MUC\u0130ZE HEM DE\u011e\u0130L&#8230; B\u0130L\u0130M\u0130N EN \u0130Y\u0130 HAL\u0130&#x27;: Oyuncu &quot;Taramadan ge\u00e7tim ve v\u00fccudumda hi\u00e7 kanser yok. Bu ola\u011fan\u00fcst\u00fc bir \u015fey&quot; diyerek durumu anlatt\u0131&#8230;.<\/p>\n","protected":false},"excerpt":{"rendered":"<p>Jurassic Park ba\u015fta olmak \u00fczere bir\u00e7ok yap\u0131mda kamera kar\u015f\u0131s\u0131na ge\u00e7ip haf\u0131zalara kaz\u0131nan \u00fcnl\u00fc oyuncu Sam Neill, mutlu haberi daha fazla kendine saklamad\u0131.<\/p>\n","protected":false},"author":2,"featured_media":30557,"comment_status":"open","ping_status":"open","sticky":false,"template":"","format":"standard","meta":{"footnotes":""},"categories":[6,5],"tags":[],"class_list":["post-30558","post","type-post","status-publish","format-standard","has-post-thumbnail","hentry","category-gundem","category-son-dakika"],"_links":{"self":[{"href":"https:\/\/eskigazeteci.com\/index.php?rest_route=\/wp\/v2\/posts\/30558","targetHints":{"allow":["GET"]}}],"collection":[{"href":"https:\/\/eskigazeteci.com\/index.php?rest_route=\/wp\/v2\/posts"}],"about":[{"href":"https:\/\/eskigazeteci.com\/index.php?rest_route=\/wp\/v2\/types\/post"}],"author":[{"embeddable":true,"href":"https:\/\/eskigazeteci.com\/index.php?rest_route=\/wp\/v2\/users\/2"}],"replies":[{"embeddable":true,"href":"https:\/\/eskigazeteci.com\/index.php?rest_route=%2Fwp%2Fv2%2Fcomments&post=30558"}],"version-history":[{"count":0,"href":"https:\/\/eskigazeteci.com\/index.php?rest_route=\/wp\/v2\/posts\/30558\/revisions"}],"wp:featuredmedia":[{"embeddable":true,"href":"https:\/\/eskigazeteci.com\/index.php?rest_route=\/wp\/v2\/media\/30557"}],"wp:attachment":[{"href":"https:\/\/eskigazeteci.com\/index.php?rest_route=%2Fwp%2Fv2%2Fmedia&parent=30558"}],"wp:term":[{"taxonomy":"category","embeddable":true,"href":"https:\/\/eskigazeteci.com\/index.php?rest_route=%2Fwp%2Fv2%2Fcategories&post=30558"},{"taxonomy":"post_tag","embeddable":true,"href":"https:\/\/eskigazeteci.com\/index.php?rest_route=%2Fwp%2Fv2%2Ftags&post=30558"}],"curies":[{"name":"wp","href":"https:\/\/api.w.org\/{rel}","templated":true}]}}