{"id":30556,"date":"2026-04-29T14:49:36","date_gmt":"2026-04-29T14:49:36","guid":{"rendered":"https:\/\/eskigazeteci.com\/?p=30556"},"modified":"2026-04-29T14:49:36","modified_gmt":"2026-04-29T14:49:36","slug":"adalet-bakani-gurlek-guneydogu-anadolu-bolgesi-milletvekilleriyle-istisare-toplantisi","status":"publish","type":"post","link":"https:\/\/eskigazeteci.com\/?p=30556","title":{"rendered":"Adalet Bakan\u0131 G\u00fcrlek, G\u00fcneydo\u011fu Anadolu B\u00f6lgesi milletvekilleriyle isti\u015fare toplant\u0131s\u0131"},"content":{"rendered":"<p>Adalet Bakanl\u0131\u011f\u0131ndan yap\u0131lan a\u00e7\u0131klamaya g\u00f6re, G\u00fcrlek, Ankara Hakimevi&#x27;nde, G\u00fcneydo\u011fu Anadolu B\u00f6lgesi&#x27;ndeki illerin milletvekilleri ile isti\u015fare toplant\u0131s\u0131nda bir araya geldi.<\/p>\n<p>B\u00f6lge milletvekillerinin fikirlerini \u00f6nemsedi\u011fini belirten G\u00fcrlek, &quot;Ter\u00f6rs\u00fcz T\u00fcrkiye&quot; s\u00fcrecinin yans\u0131malar\u0131na ili\u015fkin, &quot;Ben bizzat Diyarbak\u0131r&#x27;a gittim. Diyarbak\u0131r&#x27;da da g\u00f6rd\u00fcm. Sahada \u00e7ok olumlu yans\u0131mas\u0131 var.&quot; de\u011ferlendirmesinde bulundu.<\/p>\n<p>Yasa d\u0131\u015f\u0131 bahsin toplum i\u00e7in \u00e7ok zararl\u0131 oldu\u011funa vurgu yapan G\u00fcrlek, 81 il ba\u015fsavc\u0131l\u0131\u011f\u0131n\u0131n yasa d\u0131\u015f\u0131 bahisle m\u00fccadelesinin devam etti\u011fini s\u00f6yledi. Yasa d\u0131\u015f\u0131 bahis oynaman\u0131n su\u00e7 say\u0131lmas\u0131 i\u00e7in bir d\u00fczenleme d\u00fc\u015f\u00fcnd\u00fcklerini aktaran G\u00fcrlek, &quot;Bu illetten kurtulmam\u0131z laz\u0131m.&quot; ifadesini kulland\u0131.<\/p>\n<p>UYU\u015eTURUCU \u0130LE M\u00dcCADELE<\/p>\n<p>T\u00fcrkiye&#x27;de uyu\u015fturucuyla m\u00fccadelede en a\u011f\u0131r cezalar\u0131n bulundu\u011funu hat\u0131rlatan G\u00fcrlek, sadece cezay\u0131 daha da a\u011f\u0131rla\u015ft\u0131rman\u0131n uyu\u015fturucu kullan\u0131m\u0131n\u0131 engellemeye yetmedi\u011fini bildirdi.<\/p>\n<p>Adalet Bakan\u0131 G\u00fcrlek, 6 cezaevinde, uyu\u015fturucu su\u00e7lar\u0131ndan ceza alanlar\u0131n \u015fartl\u0131 sal\u0131verilmeden 6 ay \u00f6nce tedaviye ba\u015flad\u0131\u011f\u0131 bir \u00e7al\u0131\u015fma ba\u015flatt\u0131klar\u0131n\u0131 kaydetti. G\u00fcrlek, &quot;Yani tedavi s\u00fcreci bittikten sonra \u0130dari G\u00f6zlem Kurulu raporu olumlu rapor verdikten sonra d\u0131\u015far\u0131 \u00e7\u0131kacak. Yani&#8230;<\/p>\n","protected":false},"excerpt":{"rendered":"<p>Adalet Bakan\u0131 Ak\u0131n G\u00fcrlek, Ter\u00f6rs\u00fcz T\u00fcrkiye s\u00fcrecinin sahada olumlu yans\u0131malar\u0131n\u0131n bulundu\u011funu ifade etti.<\/p>\n","protected":false},"author":2,"featured_media":30555,"comment_status":"open","ping_status":"open","sticky":false,"template":"","format":"standard","meta":{"footnotes":""},"categories":[6,5],"tags":[],"class_list":["post-30556","post","type-post","status-publish","format-standard","has-post-thumbnail","hentry","category-gundem","category-son-dakika"],"_links":{"self":[{"href":"https:\/\/eskigazeteci.com\/index.php?rest_route=\/wp\/v2\/posts\/30556","targetHints":{"allow":["GET"]}}],"collection":[{"href":"https:\/\/eskigazeteci.com\/index.php?rest_route=\/wp\/v2\/posts"}],"about":[{"href":"https:\/\/eskigazeteci.com\/index.php?rest_route=\/wp\/v2\/types\/post"}],"author":[{"embeddable":true,"href":"https:\/\/eskigazeteci.com\/index.php?rest_route=\/wp\/v2\/users\/2"}],"replies":[{"embeddable":true,"href":"https:\/\/eskigazeteci.com\/index.php?rest_route=%2Fwp%2Fv2%2Fcomments&post=30556"}],"version-history":[{"count":0,"href":"https:\/\/eskigazeteci.com\/index.php?rest_route=\/wp\/v2\/posts\/30556\/revisions"}],"wp:featuredmedia":[{"embeddable":true,"href":"https:\/\/eskigazeteci.com\/index.php?rest_route=\/wp\/v2\/media\/30555"}],"wp:attachment":[{"href":"https:\/\/eskigazeteci.com\/index.php?rest_route=%2Fwp%2Fv2%2Fmedia&parent=30556"}],"wp:term":[{"taxonomy":"category","embeddable":true,"href":"https:\/\/eskigazeteci.com\/index.php?rest_route=%2Fwp%2Fv2%2Fcategories&post=30556"},{"taxonomy":"post_tag","embeddable":true,"href":"https:\/\/eskigazeteci.com\/index.php?rest_route=%2Fwp%2Fv2%2Ftags&post=30556"}],"curies":[{"name":"wp","href":"https:\/\/api.w.org\/{rel}","templated":true}]}}