{"id":30554,"date":"2026-04-29T14:48:03","date_gmt":"2026-04-29T14:48:03","guid":{"rendered":"https:\/\/eskigazeteci.com\/?p=30554"},"modified":"2026-04-29T14:48:03","modified_gmt":"2026-04-29T14:48:03","slug":"maden-sirketi-sahibine-cankirida-yeni-maden-ruhsati-verildigi-mapeg-ve-dmmden-yalanlama","status":"publish","type":"post","link":"https:\/\/eskigazeteci.com\/?p=30554","title":{"rendered":"Maden \u015firketi sahibine \u00c7ank\u0131r\u0131&#8217;da yeni maden ruhsat\u0131 verildi\u011fi MAPEG ve DMM&#8217;den yalanlama"},"content":{"rendered":"<p>DMM&#x27;nin NSosyal hesab\u0131ndan yap\u0131lan a\u00e7\u0131klamada, baz\u0131 sosyal medya mecralar\u0131nda ve bas\u0131n yay\u0131n organlar\u0131nda yer alan payla\u015f\u0131mlar\u0131n as\u0131ls\u0131z oldu\u011fu ve dezenformasyon i\u00e7erdi\u011fi belirtildi.<\/p>\n<p>A\u00e7\u0131klamada, \u015fu ifadeler kullan\u0131ld\u0131:<\/p>\n<p>&quot;\u0130ddia edildi\u011fi gibi yeni bir ruhsat verilmemi\u015ftir. Maden ve Petrol \u0130\u015fleri Genel M\u00fcd\u00fcrl\u00fc\u011f\u00fc (MAPEG) taraf\u0131ndan 28.04.2026 tarihinde ilan edilen listede bulunan talep, y\u00fcr\u00fcrl\u00fc\u011f\u00fc devam eden mevcut bir i\u015fletme ruhsat\u0131n\u0131n &#x27;s\u00fcre uzat\u0131m\u0131&#x27; ba\u015fvurusuyla ilgili olup, bu s\u00fcre uzat\u0131m talebine dair de verilmi\u015f nihai bir karar bulunmamaktad\u0131r. Hukuki s\u00fcre\u00e7 MAPEG nezdinde devam etmektedir.&quot;<\/p>\n<p>MAPEG&#x27;DEN DE YALANLAMA GELD\u0130<\/p>\n<p>Konuyla ilgili Maden ve Petrol \u0130\u015fleri Genel M\u00fcd\u00fcrl\u00fc\u011f\u00fc taraf\u0131ndan ise \u015fu a\u00e7\u0131klama yap\u0131ld\u0131:<\/p>\n<p>Baz\u0131 bas\u0131n-yay\u0131n organlar\u0131nda yer alan ve kamuoyunu yan\u0131lt\u0131c\u0131 nitelik ta\u015f\u0131yan \u201cyeni ruhsat verildi\u011fi\u201d y\u00f6n\u00fcndeki haberler ger\u00e7e\u011fi yans\u0131tmamaktad\u0131r. MAPEG internet sitesinde ilan edilen husus; \u00c7ank\u0131r\u0131 ili s\u0131n\u0131rlar\u0131 i\u00e7erisinde, Sebahattin YILDIZ(Y\u0131ld\u0131zlar SSS Holding) uhdesinde bulunan ve halen y\u00fcr\u00fcrl\u00fckte olan bir i\u015fletme ruhsat\u0131na ili\u015fkin s\u00fcre uzat\u0131m\u0131 (temdit) talebidir. Bu kapsamda yap\u0131lan i\u015flem, mevcut bir ruhsat\u0131n mevzuat \u00e7er\u00e7evesinde de\u011ferlendirilmesine y\u00f6nelik olup,&#8230;<\/p>\n","protected":false},"excerpt":{"rendered":"<p>Bir maden \u015firketinin sahibine \u00c7ank\u0131r\u0131&#8217;da yeni maden ruhsat\u0131 verildi\u011fi y\u00f6n\u00fcndeki iddialara Cumhurba\u015fkanl\u0131\u011f\u0131 \u0130leti\u015fim Ba\u015fkanl\u0131\u011f\u0131 Dezenformasyonla M\u00fccadele&#8230;<\/p>\n","protected":false},"author":2,"featured_media":30553,"comment_status":"open","ping_status":"open","sticky":false,"template":"","format":"standard","meta":{"footnotes":""},"categories":[6,5],"tags":[],"class_list":["post-30554","post","type-post","status-publish","format-standard","has-post-thumbnail","hentry","category-gundem","category-son-dakika"],"_links":{"self":[{"href":"https:\/\/eskigazeteci.com\/index.php?rest_route=\/wp\/v2\/posts\/30554","targetHints":{"allow":["GET"]}}],"collection":[{"href":"https:\/\/eskigazeteci.com\/index.php?rest_route=\/wp\/v2\/posts"}],"about":[{"href":"https:\/\/eskigazeteci.com\/index.php?rest_route=\/wp\/v2\/types\/post"}],"author":[{"embeddable":true,"href":"https:\/\/eskigazeteci.com\/index.php?rest_route=\/wp\/v2\/users\/2"}],"replies":[{"embeddable":true,"href":"https:\/\/eskigazeteci.com\/index.php?rest_route=%2Fwp%2Fv2%2Fcomments&post=30554"}],"version-history":[{"count":0,"href":"https:\/\/eskigazeteci.com\/index.php?rest_route=\/wp\/v2\/posts\/30554\/revisions"}],"wp:featuredmedia":[{"embeddable":true,"href":"https:\/\/eskigazeteci.com\/index.php?rest_route=\/wp\/v2\/media\/30553"}],"wp:attachment":[{"href":"https:\/\/eskigazeteci.com\/index.php?rest_route=%2Fwp%2Fv2%2Fmedia&parent=30554"}],"wp:term":[{"taxonomy":"category","embeddable":true,"href":"https:\/\/eskigazeteci.com\/index.php?rest_route=%2Fwp%2Fv2%2Fcategories&post=30554"},{"taxonomy":"post_tag","embeddable":true,"href":"https:\/\/eskigazeteci.com\/index.php?rest_route=%2Fwp%2Fv2%2Ftags&post=30554"}],"curies":[{"name":"wp","href":"https:\/\/api.w.org\/{rel}","templated":true}]}}