{"id":30552,"date":"2026-04-29T14:46:29","date_gmt":"2026-04-29T14:46:29","guid":{"rendered":"https:\/\/eskigazeteci.com\/?p=30552"},"modified":"2026-04-29T14:46:29","modified_gmt":"2026-04-29T14:46:29","slug":"5-gun-surecek-yagis-basliyor-akomdan-istanbul-icin-uyari-istanbulda-yagmur-yagacak-mi-ne-zaman-yagacak","status":"publish","type":"post","link":"https:\/\/eskigazeteci.com\/?p=30552","title":{"rendered":"5 g\u00fcn s\u00fcrecek ya\u011f\u0131\u015f ba\u015fl\u0131yor: AKOM&#8217;dan \u0130stanbul i\u00e7in uyar\u0131! \u0130stanbul&#8217;da ya\u011fmur ya\u011facak m\u0131, ne zaman ya\u011facak?"},"content":{"rendered":"<p>\u0130stanbul&#x27;da g\u00fcne\u015fli ve par\u00e7al\u0131 bulutlu ge\u00e7en g\u00fcnlerin ard\u0131ndan hava durumu dengeleri de\u011fi\u015fiyor ve kent genelinde ya\u011f\u0131\u015fl\u0131 bir d\u00f6nem ba\u015fl\u0131yor. AKOM taraf\u0131ndan payla\u015f\u0131lan son verilere g\u00f6re, 30 Nisan Per\u015fembe g\u00fcn\u00fc g\u00fcn\u00fcn ilk yar\u0131s\u0131nda par\u00e7al\u0131 bulutlu bir g\u00f6ky\u00fcz\u00fc hakim olsa da ak\u015fam saatlerinden itibaren kuzeyli r\u00fczgarlar\u0131n (Poyraz) etkisiyle s\u0131cakl\u0131klar d\u00fc\u015fmeye ba\u015flayacak ve ilk ya\u011f\u0131\u015f ge\u00e7i\u015fleri kentin kuzey b\u00f6lgelerinden giri\u015f yapacak.<\/p>\n<p>\u0130stanbul&#x27;da g\u00fcne\u015fli ve par\u00e7al\u0131 bulutlu ge\u00e7en g\u00fcnlerin ard\u0131ndan hava durumu dengeleri de\u011fi\u015fiyor ve kent genelinde ya\u011f\u0131\u015fl\u0131 bir d\u00f6nem ba\u015fl\u0131yor. AKOM taraf\u0131ndan payla\u015f\u0131lan son verilere g\u00f6re, 30 Nisan Per\u015fembe g\u00fcn\u00fc g\u00fcn\u00fcn ilk yar\u0131s\u0131nda par\u00e7al\u0131 bulutlu bir g\u00f6ky\u00fcz\u00fc hakim olsa da ak\u015fam saatlerinden itibaren kuzeyli r\u00fczgarlar\u0131n (Poyraz) etkisiyle s\u0131cakl\u0131klar d\u00fc\u015fmeye ba\u015flayacak ve ilk ya\u011f\u0131\u015f ge\u00e7i\u015fleri kentin kuzey b\u00f6lgelerinden giri\u015f yapacak.<\/p>\n<p>30 Nisan Per\u015fembe g\u00fcn\u00fc ak\u015fam saatlerinden itibaren ya\u011f\u0131\u015f \u0130stanbul\u2019da etkisini g\u00f6sterecek. 1 May\u0131s \u0130\u015f\u00e7i Bayram\u0131&#x27;na denk gelen Cuma g\u00fcn\u00fc ise ya\u011f\u0131\u015f\u0131n etkisini art\u0131rarak t\u00fcm \u015fehre yay\u0131lmas\u0131 beklenirken, Cumartesi ve Pazar g\u00fcnleri de aral\u0131klarla devam edecek olan sa\u011fanaklar\u0131n \u00f6zellikle a\u00e7\u0131k hava etkinliklerini olumsuz&#8230;<\/p>\n","protected":false},"excerpt":{"rendered":"<p>\u0130stanbul B\u00fcy\u00fck\u015fehir Belediyesi Afet Koordinasyon Merkezi (AKOM), Megakent \u0130stanbul i\u00e7in kritik bir hava durumu uyar\u0131s\u0131 yay\u0131mlayarak Balkanlar \u00fczerinden&#8230;<\/p>\n","protected":false},"author":2,"featured_media":30551,"comment_status":"open","ping_status":"open","sticky":false,"template":"","format":"standard","meta":{"footnotes":""},"categories":[6,5],"tags":[],"class_list":["post-30552","post","type-post","status-publish","format-standard","has-post-thumbnail","hentry","category-gundem","category-son-dakika"],"_links":{"self":[{"href":"https:\/\/eskigazeteci.com\/index.php?rest_route=\/wp\/v2\/posts\/30552","targetHints":{"allow":["GET"]}}],"collection":[{"href":"https:\/\/eskigazeteci.com\/index.php?rest_route=\/wp\/v2\/posts"}],"about":[{"href":"https:\/\/eskigazeteci.com\/index.php?rest_route=\/wp\/v2\/types\/post"}],"author":[{"embeddable":true,"href":"https:\/\/eskigazeteci.com\/index.php?rest_route=\/wp\/v2\/users\/2"}],"replies":[{"embeddable":true,"href":"https:\/\/eskigazeteci.com\/index.php?rest_route=%2Fwp%2Fv2%2Fcomments&post=30552"}],"version-history":[{"count":0,"href":"https:\/\/eskigazeteci.com\/index.php?rest_route=\/wp\/v2\/posts\/30552\/revisions"}],"wp:featuredmedia":[{"embeddable":true,"href":"https:\/\/eskigazeteci.com\/index.php?rest_route=\/wp\/v2\/media\/30551"}],"wp:attachment":[{"href":"https:\/\/eskigazeteci.com\/index.php?rest_route=%2Fwp%2Fv2%2Fmedia&parent=30552"}],"wp:term":[{"taxonomy":"category","embeddable":true,"href":"https:\/\/eskigazeteci.com\/index.php?rest_route=%2Fwp%2Fv2%2Fcategories&post=30552"},{"taxonomy":"post_tag","embeddable":true,"href":"https:\/\/eskigazeteci.com\/index.php?rest_route=%2Fwp%2Fv2%2Ftags&post=30552"}],"curies":[{"name":"wp","href":"https:\/\/api.w.org\/{rel}","templated":true}]}}