{"id":30550,"date":"2026-04-29T14:44:55","date_gmt":"2026-04-29T14:44:55","guid":{"rendered":"https:\/\/eskigazeteci.com\/?p=30550"},"modified":"2026-04-29T14:44:55","modified_gmt":"2026-04-29T14:44:55","slug":"turkiye-kupasi-final-maci-ne-zaman-saat-kacta-nerede-oynanacak-tff-ziraat-turkiye-kupasi-yeri-ve-tarihini-duyurdu","status":"publish","type":"post","link":"https:\/\/eskigazeteci.com\/?p=30550","title":{"rendered":"T\u00fcrkiye Kupas\u0131 final ma\u00e7\u0131 ne zaman, saat ka\u00e7ta, nerede oynanacak? TFF, Ziraat T\u00fcrkiye Kupas\u0131 yeri ve tarihini duyurdu!"},"content":{"rendered":"<p>T\u00fcrkiye Kupas\u0131 finalinin oynanaca\u011f\u0131 tarihi ve yeri a\u00e7\u0131kland\u0131. Daha \u00f6nce a\u00e7\u0131klanan takvime g\u00f6re kupan\u0131n sahibinin belli olaca\u011f\u0131 final ma\u00e7\u0131 24 May\u0131s&#x27;ta oynanaca\u011f\u0131 a\u00e7\u0131klanm\u0131\u015ft\u0131. T\u00fcrkiye Futbol Federasyonu final m\u00fccadelesinin g\u00fcn\u00fc, saati ve stadyumunu payla\u015ft\u0131. Peki T\u00fcrkiye Kupas\u0131 final ma\u00e7\u0131 ne zaman, nerede oynanacak?<\/p>\n<p>T\u00fcrkiye Futbol Federasyonu (TFF), Ziraat T\u00fcrkiye Kupas\u0131 final m\u00fcsabakas\u0131n\u0131n 22 May\u0131s Cuma g\u00fcn\u00fc saat 20.45&#x27;te oynanaca\u011f\u0131n\u0131 a\u00e7\u0131kland\u0131.<\/p>\n<p>TFF, T\u00fcrkiye Kupas\u0131 finalinin Antalya Stad\u0131&#x27;nda oynanaca\u011f\u0131n\u0131 a\u00e7\u0131klad\u0131. TFF&#x27;den yap\u0131lan a\u00e7\u0131klama \u015f\u00f6yle; &quot;Ziraat T\u00fcrkiye Kupas\u0131&#x27;n\u0131n final m\u00fcsabakas\u0131 Corendon Airlines Park Antalya Stad\u0131&#x27;nda oynanacakt\u0131r. Bununla birlikte daha \u00f6nce 24 May\u0131s Pazar g\u00fcn\u00fc oynanaca\u011f\u0131 duyurulan final m\u00fcsabakas\u0131n\u0131n tarihi 22 May\u0131s Cuma g\u00fcn\u00fc olarak de\u011fi\u015ftirilmi\u015ftir. M\u00fcsabakan\u0131n ba\u015flang\u0131\u00e7 saati ise 20.45 olarak belirlenmi\u015ftir.&quot;<\/p>\n<p>TFF, T\u00fcrkiye Kupas\u0131 finalinin Antalya Stad\u0131&#x27;nda oynanaca\u011f\u0131n\u0131 a\u00e7\u0131klad\u0131.<\/p>\n<p>TFF&#x27;den yap\u0131lan a\u00e7\u0131klama \u015f\u00f6yle;<\/p>\n<p>&quot;Ziraat T\u00fcrkiye Kupas\u0131&#x27;n\u0131n final m\u00fcsabakas\u0131 Corendon Airlines Park Antalya Stad\u0131&#x27;nda oynanacakt\u0131r. Bununla birlikte daha \u00f6nce 24 May\u0131s Pazar g\u00fcn\u00fc oynanaca\u011f\u0131 duyurulan final m\u00fcsabakas\u0131n\u0131n tarihi 22 May\u0131s Cuma g\u00fcn\u00fc olarak de\u011fi\u015ftirilmi\u015ftir&#8230;.<\/p>\n","protected":false},"excerpt":{"rendered":"<p>T\u00fcrkiye Kupas\u0131 final tarihi ve yeri a\u00e7\u0131kland\u0131. Ge\u00e7ti\u011fimiz hafta oynanan m\u00fcsabakalar\u0131n ard\u0131ndan yar\u0131 finale \u00e7\u0131kan tak\u0131mlar belli oldu. Konyaspor,&#8230;<\/p>\n","protected":false},"author":2,"featured_media":30549,"comment_status":"open","ping_status":"open","sticky":false,"template":"","format":"standard","meta":{"footnotes":""},"categories":[5,7],"tags":[],"class_list":["post-30550","post","type-post","status-publish","format-standard","has-post-thumbnail","hentry","category-son-dakika","category-spor"],"_links":{"self":[{"href":"https:\/\/eskigazeteci.com\/index.php?rest_route=\/wp\/v2\/posts\/30550","targetHints":{"allow":["GET"]}}],"collection":[{"href":"https:\/\/eskigazeteci.com\/index.php?rest_route=\/wp\/v2\/posts"}],"about":[{"href":"https:\/\/eskigazeteci.com\/index.php?rest_route=\/wp\/v2\/types\/post"}],"author":[{"embeddable":true,"href":"https:\/\/eskigazeteci.com\/index.php?rest_route=\/wp\/v2\/users\/2"}],"replies":[{"embeddable":true,"href":"https:\/\/eskigazeteci.com\/index.php?rest_route=%2Fwp%2Fv2%2Fcomments&post=30550"}],"version-history":[{"count":0,"href":"https:\/\/eskigazeteci.com\/index.php?rest_route=\/wp\/v2\/posts\/30550\/revisions"}],"wp:featuredmedia":[{"embeddable":true,"href":"https:\/\/eskigazeteci.com\/index.php?rest_route=\/wp\/v2\/media\/30549"}],"wp:attachment":[{"href":"https:\/\/eskigazeteci.com\/index.php?rest_route=%2Fwp%2Fv2%2Fmedia&parent=30550"}],"wp:term":[{"taxonomy":"category","embeddable":true,"href":"https:\/\/eskigazeteci.com\/index.php?rest_route=%2Fwp%2Fv2%2Fcategories&post=30550"},{"taxonomy":"post_tag","embeddable":true,"href":"https:\/\/eskigazeteci.com\/index.php?rest_route=%2Fwp%2Fv2%2Ftags&post=30550"}],"curies":[{"name":"wp","href":"https:\/\/api.w.org\/{rel}","templated":true}]}}