{"id":30544,"date":"2026-04-29T14:14:51","date_gmt":"2026-04-29T14:14:51","guid":{"rendered":"https:\/\/eskigazeteci.com\/?p=30544"},"modified":"2026-04-29T14:14:51","modified_gmt":"2026-04-29T14:14:51","slug":"dogum-yardimi-odemeleri-yatti-mi-nereden-ogrenilir-nisan-2026-dogum-yardimi-odemeler-sorgulama-ekrani","status":"publish","type":"post","link":"https:\/\/eskigazeteci.com\/?p=30544","title":{"rendered":"Do\u011fum yard\u0131m\u0131 \u00f6demeleri yatt\u0131 m\u0131, nereden \u00f6\u011frenilir? Nisan 2026 do\u011fum yard\u0131m\u0131 \u00f6demeler sorgulama ekran\u0131&#8230;"},"content":{"rendered":"<p>Nisan ay\u0131 do\u011fum yard\u0131m\u0131 Nisan ay\u0131 \u00f6demeleri i\u00e7in beklenen a\u00e7\u0131klama geldi. 5000 TL do\u011fum yard\u0131m\u0131 \u00f6demeleri sorgulama ekran\u0131, destekten faydalanan aileler taraf\u0131ndan kontrol ediliyor. 2025 Aile Y\u0131l\u0131 kapsam\u0131nda g\u00fcncellenen rakamlarla; ilk \u00e7ocu\u011fa 5 bin TL tek seferlik, sonraki \u00e7ocuklara ise 5 ya\u015f\u0131n\u0131 doldurana kadar ayl\u0131k 5 bin TL&#x27;ye varan destek sa\u011flan\u0131yor. Peki do\u011fum yard\u0131m\u0131 \u00f6demeleri yatt\u0131 m\u0131, nereden \u00f6\u011frenilir?<\/p>\n<p>Aile ve Sosyal Hizmetler Bakan\u0131 Mahinur \u00d6zdemir G\u00f6kta\u015f, nisan ay\u0131 do\u011fum yard\u0131m\u0131 \u00f6demelerinin bug\u00fcn (29 Nisan) itibar\u0131yla annelerin hesaplar\u0131na yat\u0131r\u0131ld\u0131\u011f\u0131n\u0131 a\u00e7\u0131klad\u0131.<\/p>\n<p>Bakan G\u00f6kta\u015f, yapt\u0131\u011f\u0131 yaz\u0131l\u0131 a\u00e7\u0131klamada, 2025 Aile Y\u0131l\u0131 kapsam\u0131nda do\u011fum yard\u0131m\u0131 miktar\u0131n\u0131n g\u00fcncellendi\u011fini, 1 Ocak 2025 itibar\u0131yla do\u011fan ilk \u00e7ocu\u011fa 5 bin lira tutar\u0131nda tek seferlik, ikinci \u00e7ocu\u011fa ayl\u0131k 1500 lira, \u00fc\u00e7 ve sonraki \u00e7ocuklar i\u00e7in ayl\u0131k 5 bin lira destek verildi\u011fini belirtti. Bakan G\u00f6kta\u015f, iki, \u00fc\u00e7 ve \u00fczeri 589 bin 603 \u00e7ocuk i\u00e7in d\u00fczenli \u00f6deme yap\u0131ld\u0131\u011f\u0131n\u0131 da vurgulad\u0131.<\/p>\n<p>Bakan G\u00f6kta\u015f, yapt\u0131\u011f\u0131 yaz\u0131l\u0131 a\u00e7\u0131klamada, 2025 Aile Y\u0131l\u0131 kapsam\u0131nda do\u011fum yard\u0131m\u0131 miktar\u0131n\u0131n g\u00fcncellendi\u011fini, 1 Ocak 2025 itibar\u0131yla do\u011fan ilk \u00e7ocu\u011fa 5 bin lira tutar\u0131nda tek seferlik, ikinci \u00e7ocu\u011fa ayl\u0131k 1500 lira, \u00fc\u00e7 ve sonraki&#8230;<\/p>\n","protected":false},"excerpt":{"rendered":"<p>Do\u011fum yard\u0131m\u0131 Nisan ay\u0131 \u00f6demeleri sorgulama ekran\u0131 ile ara\u015ft\u0131rmalar yo\u011funluk kazand\u0131. Aile ve Sosyal Hizmetler Bakan\u0131 Mahinur \u00d6zdemir G\u00f6kta\u015f, Nisan ay\u0131&#8230;<\/p>\n","protected":false},"author":2,"featured_media":30543,"comment_status":"open","ping_status":"open","sticky":false,"template":"","format":"standard","meta":{"footnotes":""},"categories":[8,6,5],"tags":[],"class_list":["post-30544","post","type-post","status-publish","format-standard","has-post-thumbnail","hentry","category-arsiv","category-gundem","category-son-dakika"],"_links":{"self":[{"href":"https:\/\/eskigazeteci.com\/index.php?rest_route=\/wp\/v2\/posts\/30544","targetHints":{"allow":["GET"]}}],"collection":[{"href":"https:\/\/eskigazeteci.com\/index.php?rest_route=\/wp\/v2\/posts"}],"about":[{"href":"https:\/\/eskigazeteci.com\/index.php?rest_route=\/wp\/v2\/types\/post"}],"author":[{"embeddable":true,"href":"https:\/\/eskigazeteci.com\/index.php?rest_route=\/wp\/v2\/users\/2"}],"replies":[{"embeddable":true,"href":"https:\/\/eskigazeteci.com\/index.php?rest_route=%2Fwp%2Fv2%2Fcomments&post=30544"}],"version-history":[{"count":0,"href":"https:\/\/eskigazeteci.com\/index.php?rest_route=\/wp\/v2\/posts\/30544\/revisions"}],"wp:featuredmedia":[{"embeddable":true,"href":"https:\/\/eskigazeteci.com\/index.php?rest_route=\/wp\/v2\/media\/30543"}],"wp:attachment":[{"href":"https:\/\/eskigazeteci.com\/index.php?rest_route=%2Fwp%2Fv2%2Fmedia&parent=30544"}],"wp:term":[{"taxonomy":"category","embeddable":true,"href":"https:\/\/eskigazeteci.com\/index.php?rest_route=%2Fwp%2Fv2%2Fcategories&post=30544"},{"taxonomy":"post_tag","embeddable":true,"href":"https:\/\/eskigazeteci.com\/index.php?rest_route=%2Fwp%2Fv2%2Ftags&post=30544"}],"curies":[{"name":"wp","href":"https:\/\/api.w.org\/{rel}","templated":true}]}}