{"id":30540,"date":"2026-04-29T14:07:58","date_gmt":"2026-04-29T14:07:58","guid":{"rendered":"https:\/\/eskigazeteci.com\/?p=30540"},"modified":"2026-04-29T14:07:58","modified_gmt":"2026-04-29T14:07:58","slug":"londrada-bicakli-saldiri-supheli-gozaltina-alindi","status":"publish","type":"post","link":"https:\/\/eskigazeteci.com\/?p=30540","title":{"rendered":"Londra&#8217;da b\u0131\u00e7akl\u0131 sald\u0131r\u0131: \u015e\u00fcpheli g\u00f6zalt\u0131na al\u0131nd\u0131"},"content":{"rendered":"<p>\u0130ngiltere&#x27;nin ba\u015fkenti Londra&#x27;daki Metropolitan Polisi (Met Police), yerel saatle 11.00 sular\u0131nda Barnet b\u00f6lgesindeki Highfield Caddesi&#x27;nde b\u0131\u00e7akl\u0131 sald\u0131r\u0131 ihbar\u0131 \u00fczerine olay yerine polis ve sa\u011fl\u0131k ekipleri sevk edildi\u011fini a\u00e7\u0131klad\u0131.<\/p>\n<p>Yap\u0131lan a\u00e7\u0131klamada, olay yerine yerel polis ekiplerinin yan\u0131 s\u0131ra silahl\u0131 polisler ve Londra Ambulans Servisi ekipleri intikal etti.<\/p>\n<p>\u015e\u00fcpheli, polis memurlar\u0131na da sald\u0131rmaya \u00e7al\u0131\u015fmas\u0131 \u00fczerine elektro\u015fok cihaz\u0131 kullan\u0131larak etkisiz hale getirildi ve g\u00f6zalt\u0131na al\u0131nd\u0131.<\/p>\n<p>B\u0131\u00e7akl\u0131 sald\u0131r\u0131da 2 ki\u015fi yaraland\u0131. Yaral\u0131lar, olay yerinde yap\u0131lan ilk m\u00fcdahalenin ard\u0131ndan hastaneye kald\u0131r\u0131ld\u0131.<\/p>\n<p>Polis, 45 ya\u015f\u0131ndaki bir erke\u011fi &quot;cinayete te\u015febb\u00fcs&quot; \u015f\u00fcphesiyle g\u00f6zalt\u0131na ald\u0131.<\/p>\n<p>Olayla ilgili soru\u015fturma, Ter\u00f6rle M\u00fccadele Polisi \u00f6nc\u00fcl\u00fc\u011f\u00fcnde y\u00fcr\u00fct\u00fcl\u00fcyor.<\/p>\n<p>&quot;SORUMLULAR ADALETE TESL\u0130M ED\u0130LECEKT\u0130R&quot;<\/p>\n<p>A\u00e7\u0131klamada de\u011ferlendirmelerine yer verilen Ter\u00f6rle M\u00fccadele Polisi Ba\u015fkan\u0131 Laurence Taylor, soru\u015fturman\u0131n hen\u00fcz erken a\u015famada oldu\u011funu ve olay\u0131n t\u00fcm detaylar\u0131n\u0131 en h\u0131zl\u0131 \u015fekilde ortaya \u00e7\u0131karmaya \u00e7al\u0131\u015ft\u0131klar\u0131n\u0131 belirtti.<\/p>\n<p>B\u00f6lgeden Sorumlu Emniyet M\u00fcd\u00fcr\u00fc Luke Williams da sald\u0131r\u0131y\u0131 &quot;korkun\u00e7&quot; olarak nitelendirerek, olay\u0131n yerel halkta endi\u015fe yaratm\u0131\u015f olabilece\u011fini ve polis ekiplerinin&#8230;<\/p>\n","protected":false},"excerpt":{"rendered":"<p>\u0130ngiltere&#8217;nin ba\u015fkenti Londra&#8217;n\u0131n Barnet b\u00f6lgesinde meydana gelen b\u0131\u00e7akl\u0131 sald\u0131r\u0131da 2 ki\u015fi yaraland\u0131, \u015f\u00fcpheli g\u00f6zalt\u0131na al\u0131nd\u0131.<\/p>\n","protected":false},"author":2,"featured_media":30539,"comment_status":"open","ping_status":"open","sticky":false,"template":"","format":"standard","meta":{"footnotes":""},"categories":[8,6,5],"tags":[],"class_list":["post-30540","post","type-post","status-publish","format-standard","has-post-thumbnail","hentry","category-arsiv","category-gundem","category-son-dakika"],"_links":{"self":[{"href":"https:\/\/eskigazeteci.com\/index.php?rest_route=\/wp\/v2\/posts\/30540","targetHints":{"allow":["GET"]}}],"collection":[{"href":"https:\/\/eskigazeteci.com\/index.php?rest_route=\/wp\/v2\/posts"}],"about":[{"href":"https:\/\/eskigazeteci.com\/index.php?rest_route=\/wp\/v2\/types\/post"}],"author":[{"embeddable":true,"href":"https:\/\/eskigazeteci.com\/index.php?rest_route=\/wp\/v2\/users\/2"}],"replies":[{"embeddable":true,"href":"https:\/\/eskigazeteci.com\/index.php?rest_route=%2Fwp%2Fv2%2Fcomments&post=30540"}],"version-history":[{"count":0,"href":"https:\/\/eskigazeteci.com\/index.php?rest_route=\/wp\/v2\/posts\/30540\/revisions"}],"wp:featuredmedia":[{"embeddable":true,"href":"https:\/\/eskigazeteci.com\/index.php?rest_route=\/wp\/v2\/media\/30539"}],"wp:attachment":[{"href":"https:\/\/eskigazeteci.com\/index.php?rest_route=%2Fwp%2Fv2%2Fmedia&parent=30540"}],"wp:term":[{"taxonomy":"category","embeddable":true,"href":"https:\/\/eskigazeteci.com\/index.php?rest_route=%2Fwp%2Fv2%2Fcategories&post=30540"},{"taxonomy":"post_tag","embeddable":true,"href":"https:\/\/eskigazeteci.com\/index.php?rest_route=%2Fwp%2Fv2%2Ftags&post=30540"}],"curies":[{"name":"wp","href":"https:\/\/api.w.org\/{rel}","templated":true}]}}