{"id":30536,"date":"2026-04-29T14:04:53","date_gmt":"2026-04-29T14:04:53","guid":{"rendered":"https:\/\/eskigazeteci.com\/?p=30536"},"modified":"2026-04-29T14:04:53","modified_gmt":"2026-04-29T14:04:53","slug":"ne-zorlu-yollari-asip-buralara-kadar-geldiler-bir-yastikta-gecen-15-yil-kutlu-olsun","status":"publish","type":"post","link":"https:\/\/eskigazeteci.com\/?p=30536","title":{"rendered":"Ne zorlu yollar\u0131 a\u015f\u0131p buralara kadar geldiler: Bir yast\u0131kta ge\u00e7en 15 y\u0131l kutlu olsun!"},"content":{"rendered":"<p>\u0130ngiltere&#x27;nin gelecekteki kral\u0131 Prens William, halktan bir aileden gelen uzatmal\u0131 sevgilisi Catherine Elizabeth Middleton ya da \u00e7oktan bas\u0131n\u0131n ve halk\u0131n kulland\u0131\u011f\u0131 ad\u0131yla Kate Middleton ile hayat\u0131n\u0131 birle\u015ftirdi.<\/p>\n<p>Londra&#x27;daki Westminster Abbey&#x27;de d\u00fczenlenen bu t\u00f6reni d\u00fcnya \u00fczerinde milyonlarca ki\u015fi bulabildi\u011fi her t\u00fcrl\u00fc kitle ileti\u015fim arac\u0131nda izledi.<\/p>\n<p>Se\u00e7kin davetliler ise y\u0131llar boyu \u00e7alkant\u0131l\u0131 bir a\u015fk ya\u015fayan Kate ile William&#x27;\u0131n hayatlar\u0131n\u0131 resmen birle\u015ftirdi\u011fi t\u00f6reni &quot;kanl\u0131 canl\u0131&quot; izledi.<\/p>\n<p>29 Nisan 2011&#x27;deki t\u00f6renin \u00fczerinden tam 15 y\u0131l ge\u00e7ti. Art\u0131k Galler Prensi ve Galler Prensesi olan ve tahta bir ad\u0131m daha yakla\u015fan Kate ile William, bu \u00f6zel g\u00fcn\u00fcn y\u0131l d\u00f6n\u00fcm\u00fcn\u00fc sosyal medya hesaplar\u0131ndan da kutlad\u0131.<\/p>\n<p>KATE \u0130LE WILLIAM&#x27;IN 15&#x27;NC\u0130 YIL POZU Genellikle sadece kendi foto\u011fraflar\u0131n\u0131 payla\u015fan Galler \u00e7ifti bu kez s\u0131cac\u0131k bir aile pozunu tercih etti&#8230;<\/p>\n<p>\u00c7ift, payla\u015ft\u0131\u011f\u0131 y\u0131l d\u00f6n\u00fcm\u00fc foto\u011fraf\u0131nda \u00fc\u00e7 \u00e7ocuklar\u0131 12 ya\u015f\u0131ndaki George, 10 ya\u015f\u0131ndaki Charlotte ve 8 ya\u015f\u0131ndaki Louis ile birlikte \u00e7imenlerin \u00fczerinde uzan\u0131rken g\u00f6r\u00fcl\u00fcyor.<\/p>\n<p>Be\u015fi de \u00e7\u0131plak ayakl\u0131 ve hepsinin \u00fczerinde de g\u00fcnl\u00fck rahat giysiler, y\u00fczlerinde mutluluk g\u00fcl\u00fcmsemeleri var.<\/p>\n<p>Kate ile William&#x27;\u0131n bu mutlu aile foto\u011fraf\u0131na &quot;Evlili\u011fin&#8230;<\/p>\n","protected":false},"excerpt":{"rendered":"<p>Bundan tam 15 y\u0131l \u00f6nce b\u00fct\u00fcn d\u00fcnya gayet g\u00f6steri\u015fli bir d\u00fc\u011f\u00fcne tan\u0131kl\u0131k etti. Kelimenin tam anlam\u0131yla bir peri masal\u0131n\u0131n mutlu sonu gibiydi bu t\u00f6ren.<\/p>\n","protected":false},"author":2,"featured_media":30535,"comment_status":"open","ping_status":"open","sticky":false,"template":"","format":"standard","meta":{"footnotes":""},"categories":[8,6,5],"tags":[],"class_list":["post-30536","post","type-post","status-publish","format-standard","has-post-thumbnail","hentry","category-arsiv","category-gundem","category-son-dakika"],"_links":{"self":[{"href":"https:\/\/eskigazeteci.com\/index.php?rest_route=\/wp\/v2\/posts\/30536","targetHints":{"allow":["GET"]}}],"collection":[{"href":"https:\/\/eskigazeteci.com\/index.php?rest_route=\/wp\/v2\/posts"}],"about":[{"href":"https:\/\/eskigazeteci.com\/index.php?rest_route=\/wp\/v2\/types\/post"}],"author":[{"embeddable":true,"href":"https:\/\/eskigazeteci.com\/index.php?rest_route=\/wp\/v2\/users\/2"}],"replies":[{"embeddable":true,"href":"https:\/\/eskigazeteci.com\/index.php?rest_route=%2Fwp%2Fv2%2Fcomments&post=30536"}],"version-history":[{"count":0,"href":"https:\/\/eskigazeteci.com\/index.php?rest_route=\/wp\/v2\/posts\/30536\/revisions"}],"wp:featuredmedia":[{"embeddable":true,"href":"https:\/\/eskigazeteci.com\/index.php?rest_route=\/wp\/v2\/media\/30535"}],"wp:attachment":[{"href":"https:\/\/eskigazeteci.com\/index.php?rest_route=%2Fwp%2Fv2%2Fmedia&parent=30536"}],"wp:term":[{"taxonomy":"category","embeddable":true,"href":"https:\/\/eskigazeteci.com\/index.php?rest_route=%2Fwp%2Fv2%2Fcategories&post=30536"},{"taxonomy":"post_tag","embeddable":true,"href":"https:\/\/eskigazeteci.com\/index.php?rest_route=%2Fwp%2Fv2%2Ftags&post=30536"}],"curies":[{"name":"wp","href":"https:\/\/api.w.org\/{rel}","templated":true}]}}