{"id":30530,"date":"2026-04-29T13:44:49","date_gmt":"2026-04-29T13:44:49","guid":{"rendered":"https:\/\/eskigazeteci.com\/?p=30530"},"modified":"2026-04-29T13:44:49","modified_gmt":"2026-04-29T13:44:49","slug":"tff-turkiye-kupasi-finalinin-oynanacagi-sehri-resmen-acikladi","status":"publish","type":"post","link":"https:\/\/eskigazeteci.com\/?p=30530","title":{"rendered":"TFF, T\u00fcrkiye Kupas\u0131 finalinin oynanaca\u011f\u0131 \u015fehri resmen a\u00e7\u0131klad\u0131"},"content":{"rendered":"<p>TFF&#x27;den yap\u0131lan a\u00e7\u0131klama \u015f\u00f6yle;<\/p>\n<p>&quot;Ziraat T\u00fcrkiye Kupas\u0131 &#x27;n\u0131n final m\u00fcsabakas\u0131 Corendon Airlines Park Antalya Stad\u0131&#x27;nda oynanacakt\u0131r. Bununla birlikte daha \u00f6nce 24 May\u0131s Pazar g\u00fcn\u00fc oynanaca\u011f\u0131 duyurulan final m\u00fcsabakas\u0131n\u0131n tarihi 22 May\u0131s Cuma g\u00fcn\u00fc olarak de\u011fi\u015ftirilmi\u015ftir. M\u00fcsabakan\u0131n ba\u015flang\u0131\u00e7 saati ise 20.45 olarak belirlenmi\u015ftir.&quot;<\/p>\n<p>T\u00fcrkiye&#x27;den ve D\u00fcnya\u2019dan son dakika haberleri, k\u00f6\u015fe yaz\u0131lar\u0131, magazinden siyasete, spordan seyahate b\u00fct\u00fcn konular\u0131n tek adresi Hurriyet.com.tr haber i\u00e7erikleri izin al\u0131nmadan, kaynak g\u00f6sterilerek dahi iktibas edilemez. Kanuna ayk\u0131r\u0131 ve izinsiz olarak kopyalanamaz, ba\u015fka yerde yay\u0131nlanamaz.<\/p>\n","protected":false},"excerpt":{"rendered":"<p>TFF, T\u00fcrkiye Kupas\u0131 finalinin 22 May\u0131s Cuma saat 20.45&#8217;te Corendon Airlines Park Antalya Stad\u0131&#8217;nda oynanaca\u011f\u0131n\u0131 a\u00e7\u0131klad\u0131.<\/p>\n","protected":false},"author":2,"featured_media":30529,"comment_status":"open","ping_status":"open","sticky":false,"template":"","format":"standard","meta":{"footnotes":""},"categories":[8,5,7],"tags":[],"class_list":["post-30530","post","type-post","status-publish","format-standard","has-post-thumbnail","hentry","category-arsiv","category-son-dakika","category-spor"],"_links":{"self":[{"href":"https:\/\/eskigazeteci.com\/index.php?rest_route=\/wp\/v2\/posts\/30530","targetHints":{"allow":["GET"]}}],"collection":[{"href":"https:\/\/eskigazeteci.com\/index.php?rest_route=\/wp\/v2\/posts"}],"about":[{"href":"https:\/\/eskigazeteci.com\/index.php?rest_route=\/wp\/v2\/types\/post"}],"author":[{"embeddable":true,"href":"https:\/\/eskigazeteci.com\/index.php?rest_route=\/wp\/v2\/users\/2"}],"replies":[{"embeddable":true,"href":"https:\/\/eskigazeteci.com\/index.php?rest_route=%2Fwp%2Fv2%2Fcomments&post=30530"}],"version-history":[{"count":0,"href":"https:\/\/eskigazeteci.com\/index.php?rest_route=\/wp\/v2\/posts\/30530\/revisions"}],"wp:featuredmedia":[{"embeddable":true,"href":"https:\/\/eskigazeteci.com\/index.php?rest_route=\/wp\/v2\/media\/30529"}],"wp:attachment":[{"href":"https:\/\/eskigazeteci.com\/index.php?rest_route=%2Fwp%2Fv2%2Fmedia&parent=30530"}],"wp:term":[{"taxonomy":"category","embeddable":true,"href":"https:\/\/eskigazeteci.com\/index.php?rest_route=%2Fwp%2Fv2%2Fcategories&post=30530"},{"taxonomy":"post_tag","embeddable":true,"href":"https:\/\/eskigazeteci.com\/index.php?rest_route=%2Fwp%2Fv2%2Ftags&post=30530"}],"curies":[{"name":"wp","href":"https:\/\/api.w.org\/{rel}","templated":true}]}}