{"id":30528,"date":"2026-04-29T13:36:22","date_gmt":"2026-04-29T13:36:22","guid":{"rendered":"https:\/\/eskigazeteci.com\/?p=30528"},"modified":"2026-04-29T13:36:22","modified_gmt":"2026-04-29T13:36:22","slug":"trumpin-ablukasi-caresiz-once-onlarca-sonra-yuzlerce-sisin-icinden-beliriyorlar","status":"publish","type":"post","link":"https:\/\/eskigazeteci.com\/?p=30528","title":{"rendered":"Trump&#8217;\u0131n ablukas\u0131 \u00e7aresiz: \u00d6nce onlarca sonra y\u00fczlerce&#8230; &#8216;Sisin i\u00e7inden beliriyorlar&#8217;"},"content":{"rendered":"<p>ABD ve \u0130srail sald\u0131r\u0131lar\u0131nda \u0130ran\u2019a ait \u00e7ok say\u0131da sava\u015f gemisine kar\u015f\u0131l\u0131k \u0130ran&#x27;\u0131n as\u0131l deniz g\u00fcc\u00fcn\u00fcn g\u00f6lgelerde sakland\u0131\u011f\u0131 \u00f6ne s\u00fcr\u00fclen &quot;Sivrisinek Filosu&quot; oldu\u011fu \u00f6ne s\u00fcr\u00fclm\u00fc\u015ft\u00fc.<\/p>\n<p>\u0130ran\u2019\u0131n d\u00fczenli donanmas\u0131ndan ba\u011f\u0131ms\u0131z hareket eden Devrim Muhaf\u0131zlar\u0131 Deniz Kuvvetleri\u2019ne ba\u011fl\u0131 filonun, gemi trafi\u011fini taciz etmek ve dar sularda vur-ka\u00e7 sald\u0131r\u0131lar\u0131 d\u00fczenlemek amac\u0131yla geli\u015ftirildi\u011fi kaydedilmi\u015fti.<\/p>\n<p>Baz\u0131 teknelerin saatte 115 milin \u00fczerine \u00e7\u0131kabildi\u011fi ifade edilirken, kamufle rampalardan f\u0131rlat\u0131labilen f\u00fczeler ve insans\u0131z hava ara\u00e7lar\u0131 ile H\u00fcrm\u00fcz Bo\u011faz\u0131&#x27;ndaki ana tehdit oldu\u011fu belirtilmi\u015fti.<\/p>\n<p>\u0130ngiliz The Telegraph gazetesi, Sivrisinek Filosu&#x27;nun &quot; Trump &#x27;\u0131n ablukas\u0131n\u0131 \u00e7aresiz&quot; b\u0131rakt\u0131\u011f\u0131n\u0131 ve sisin i\u00e7inden \u00e7\u0131kan y\u00fczlerce s\u00fcrat teknesinin bo\u011fazdaki g\u00f6r\u00fcnmez sava\u015f\u0131n simgesi haline geldi\u011fini aktard\u0131.<\/p>\n<p>H\u00fcrm\u00fcz Bo\u011faz\u0131&#x27;ndaki ABD Donanmas\u0131<\/p>\n<p>\u00d6NCE ONLARCASI, SONRA Y\u00dcZLERCES\u0130 ORTAYA \u00c7IKIYOR<\/p>\n<p>Haberde, bo\u011faz\u0131n g\u00f6r\u00fcn\u00fc\u015fte sakin sular\u0131nda \u00f6nce motor seslerinin duyuldu\u011fu, ard\u0131ndan sisin i\u00e7inden \u00f6nce onlarca, sonra y\u00fczlerce s\u00fcrat teknesinin belirdi\u011fi anlat\u0131ld\u0131.<\/p>\n<p>Her teknede iki ya da \u00fc\u00e7 ki\u015finin bulundu\u011fu, y\u00fczlerini su s\u0131\u00e7ramalar\u0131ndan korumak i\u00e7in atk\u0131larla kapatt\u0131klar\u0131 belirtildi.<\/p>\n<p>Saatler boyunca h\u0131zla&#8230;<\/p>\n","protected":false},"excerpt":{"rendered":"<p>\u0130ngiliz The Telegraph gazetesi, \u0130ran\u2019\u0131n Devrim Muhaf\u0131zlar\u0131\u2019na ba\u011fl\u0131 \u201cSivrisinek Filosu\u201dnun H\u00fcrm\u00fcz Bo\u011faz\u0131\u2019nda ABD\u2019nin ablukas\u0131n\u0131 etkisiz b\u0131rakt\u0131\u011f\u0131n\u0131 \u00f6ne&#8230;<\/p>\n","protected":false},"author":2,"featured_media":30527,"comment_status":"open","ping_status":"open","sticky":false,"template":"","format":"standard","meta":{"footnotes":""},"categories":[8,6,5],"tags":[],"class_list":["post-30528","post","type-post","status-publish","format-standard","has-post-thumbnail","hentry","category-arsiv","category-gundem","category-son-dakika"],"_links":{"self":[{"href":"https:\/\/eskigazeteci.com\/index.php?rest_route=\/wp\/v2\/posts\/30528","targetHints":{"allow":["GET"]}}],"collection":[{"href":"https:\/\/eskigazeteci.com\/index.php?rest_route=\/wp\/v2\/posts"}],"about":[{"href":"https:\/\/eskigazeteci.com\/index.php?rest_route=\/wp\/v2\/types\/post"}],"author":[{"embeddable":true,"href":"https:\/\/eskigazeteci.com\/index.php?rest_route=\/wp\/v2\/users\/2"}],"replies":[{"embeddable":true,"href":"https:\/\/eskigazeteci.com\/index.php?rest_route=%2Fwp%2Fv2%2Fcomments&post=30528"}],"version-history":[{"count":0,"href":"https:\/\/eskigazeteci.com\/index.php?rest_route=\/wp\/v2\/posts\/30528\/revisions"}],"wp:featuredmedia":[{"embeddable":true,"href":"https:\/\/eskigazeteci.com\/index.php?rest_route=\/wp\/v2\/media\/30527"}],"wp:attachment":[{"href":"https:\/\/eskigazeteci.com\/index.php?rest_route=%2Fwp%2Fv2%2Fmedia&parent=30528"}],"wp:term":[{"taxonomy":"category","embeddable":true,"href":"https:\/\/eskigazeteci.com\/index.php?rest_route=%2Fwp%2Fv2%2Fcategories&post=30528"},{"taxonomy":"post_tag","embeddable":true,"href":"https:\/\/eskigazeteci.com\/index.php?rest_route=%2Fwp%2Fv2%2Ftags&post=30528"}],"curies":[{"name":"wp","href":"https:\/\/api.w.org\/{rel}","templated":true}]}}