{"id":30524,"date":"2026-04-29T13:06:29","date_gmt":"2026-04-29T13:06:29","guid":{"rendered":"https:\/\/eskigazeteci.com\/?p=30524"},"modified":"2026-04-29T13:06:29","modified_gmt":"2026-04-29T13:06:29","slug":"noa-lang-galatasarayda-kalmayacak-italyanlar-ayriligi-duyurdu","status":"publish","type":"post","link":"https:\/\/eskigazeteci.com\/?p=30524","title":{"rendered":"Noa Lang Galatasaray&#8217;da kalmayacak! \u0130talyanlar ayr\u0131l\u0131\u011f\u0131 duyurdu"},"content":{"rendered":"<p>\u0130talya bas\u0131n\u0131ndan La Gazzetta dello Sport\u2019un haberine g\u00f6re gelecek sezonun kadro planlamas\u0131na ba\u015flayan SSC Napoli, kiral\u0131ktan d\u00f6necek oyuncular \u00fczerinden yeni bir yap\u0131lanmaya haz\u0131rlan\u0131yor.<\/p>\n<p>\u00d6zellikle Noa Lang, Rafa Marin ve Luca Marianucci\u2019nun yeniden tak\u0131ma kat\u0131lmas\u0131, kul\u00fcb\u00fcn gelecek sezon stratejisinde \u00f6nemli rol oynayacak.<\/p>\n<p>Haberde, ge\u00e7ti\u011fimiz sezon beklenen etkiyi yaratamayan ancak kiral\u0131k gittikleri tak\u0131mlarda geli\u015fim g\u00f6steren oyuncular\u0131n Napoli\u2019ye daha olgun \u015fekilde d\u00f6nece\u011fi vurguland\u0131. \u00d6zellikle savunma oyuncusu Rafa Marin\u2019in Villarreal CF formas\u0131yla olduk\u00e7a ba\u015far\u0131l\u0131 bir sezon ge\u00e7irdi\u011fi ve art\u0131k daha haz\u0131r bir profil \u00e7izdi\u011fi ifade edildi. \u0130spanyol stoperin lig, kupa ve Avrupa ma\u00e7lar\u0131yla birlikte yakla\u015f\u0131k 2400 dakika s\u00fcre ald\u0131\u011f\u0131 belirtildi.<\/p>\n<p>NOA LANG, GER\u0130 \u00c7A\u011eRILACAK H\u00fccum hatt\u0131nda Noa Lang\u2019\u0131n yeniden Napoli kadrosunda d\u00fc\u015f\u00fcn\u00fclmeye ba\u015fland\u0131\u011f\u0131 aktar\u0131ld\u0131. Sezonun ikinci yar\u0131s\u0131n\u0131 Galatasaray SK\u2019da kiral\u0131k ge\u00e7iren Hollandal\u0131 oyuncunun zaman zaman etkili performanslar sergilese de istikrar sorunu ya\u015fad\u0131\u011f\u0131 belirtildi. Buna ra\u011fmen Napoli y\u00f6netiminin oyuncunun yetene\u011fine h\u00e2l\u00e2 g\u00fcvendi\u011fi ifade edildi.<\/p>\n<p>4 GOLE KATKI SA\u011eLADI Noa Lang , bu sezon Galatasaray formas\u0131yla toplamda 14&#8230;<\/p>\n","protected":false},"excerpt":{"rendered":"<p>Galatasaray&#8217;\u0131n devre aras\u0131nda kiral\u0131k olarak kadrosuna katt\u0131\u011f\u0131 Noa Lang i\u00e7in \u0130talya bas\u0131n\u0131nda ayr\u0131l\u0131k iddialar\u0131 ortaya \u00e7\u0131kt\u0131.<\/p>\n","protected":false},"author":2,"featured_media":30523,"comment_status":"open","ping_status":"open","sticky":false,"template":"","format":"standard","meta":{"footnotes":""},"categories":[5,7],"tags":[],"class_list":["post-30524","post","type-post","status-publish","format-standard","has-post-thumbnail","hentry","category-son-dakika","category-spor"],"_links":{"self":[{"href":"https:\/\/eskigazeteci.com\/index.php?rest_route=\/wp\/v2\/posts\/30524","targetHints":{"allow":["GET"]}}],"collection":[{"href":"https:\/\/eskigazeteci.com\/index.php?rest_route=\/wp\/v2\/posts"}],"about":[{"href":"https:\/\/eskigazeteci.com\/index.php?rest_route=\/wp\/v2\/types\/post"}],"author":[{"embeddable":true,"href":"https:\/\/eskigazeteci.com\/index.php?rest_route=\/wp\/v2\/users\/2"}],"replies":[{"embeddable":true,"href":"https:\/\/eskigazeteci.com\/index.php?rest_route=%2Fwp%2Fv2%2Fcomments&post=30524"}],"version-history":[{"count":0,"href":"https:\/\/eskigazeteci.com\/index.php?rest_route=\/wp\/v2\/posts\/30524\/revisions"}],"wp:featuredmedia":[{"embeddable":true,"href":"https:\/\/eskigazeteci.com\/index.php?rest_route=\/wp\/v2\/media\/30523"}],"wp:attachment":[{"href":"https:\/\/eskigazeteci.com\/index.php?rest_route=%2Fwp%2Fv2%2Fmedia&parent=30524"}],"wp:term":[{"taxonomy":"category","embeddable":true,"href":"https:\/\/eskigazeteci.com\/index.php?rest_route=%2Fwp%2Fv2%2Fcategories&post=30524"},{"taxonomy":"post_tag","embeddable":true,"href":"https:\/\/eskigazeteci.com\/index.php?rest_route=%2Fwp%2Fv2%2Ftags&post=30524"}],"curies":[{"name":"wp","href":"https:\/\/api.w.org\/{rel}","templated":true}]}}