{"id":30520,"date":"2026-04-29T12:56:20","date_gmt":"2026-04-29T12:56:20","guid":{"rendered":"https:\/\/eskigazeteci.com\/?p=30520"},"modified":"2026-04-29T12:56:20","modified_gmt":"2026-04-29T12:56:20","slug":"disisleri-bakani-hakan-fidan-hurmuz-bogazini-acma-niyeti-onemli","status":"publish","type":"post","link":"https:\/\/eskigazeteci.com\/?p=30520","title":{"rendered":"D\u0131\u015fi\u015fleri Bakan\u0131 Hakan Fidan: H\u00fcrm\u00fcz Bo\u011faz\u0131&#8217;n\u0131 a\u00e7ma niyeti \u00f6nemli"},"content":{"rendered":"<p>D\u0131\u015fi\u015fleri Bakan\u0131 Hakan Fidan , Avusturya ziyareti kapsam\u0131nda, Avusturya Federal Avrupa ve Uluslararas\u0131 \u0130\u015fler Bakan\u0131 Beate Meinl-Reisinger ile g\u00f6r\u00fc\u015ft\u00fc.<\/p>\n<p>Fidan ve Meinl-Reisinger, ikili ili\u015fkilerin ve b\u00f6lgesel meselelerin ele al\u0131nd\u0131\u011f\u0131 g\u00f6r\u00fc\u015fmenin ard\u0131ndan d\u00fczenlenen bas\u0131n toplant\u0131s\u0131nda a\u00e7\u0131klamalarda bulunuyor.<\/p>\n<p>Fidan&#x27;\u0131n konu\u015fmas\u0131ndan \u00f6ne \u00e7\u0131kan sat\u0131r ba\u015flar\u0131 \u015fu \u015fekilde:<\/p>\n<p>&quot;\u0130srail\u2019in ihlallerinin \u00f6nlenmesi Gazze \u2019de ikinci a\u015famaya ge\u00e7i\u015f i\u00e7in \u00f6nemli. \u00d6zellikle g\u00fcmr\u00fck birli\u011finin g\u00fcncellenmesi, vize serbestli\u011fi konusunu \u00e7\u00f6zmeye \u00e7al\u0131\u015f\u0131yoruz. Ate\u015fkesin uzat\u0131lmas\u0131 \u00f6nemli bir husus, bizim i\u00e7in \u00f6nemli olan tekrar sava\u015fa d\u00f6n\u00fclmemesi. Ate\u015fkes ilan edildi\u011finde de vurgulam\u0131\u015ft\u0131k. 15 g\u00fcnl\u00fck s\u00fcre yeterli olmayabilir, ilave s\u00fcreye ihtiya\u00e7 olabilir demi\u015ftik. \u00d6n\u00fcm\u00fczdeki birka\u00e7 g\u00fcn \u00e7ok \u00f6nemli. \u0130ki taraf\u0131n da ate\u015fkeste nihai bir sonuca ula\u015fmas\u0131 i\u00e7in ad\u0131m atmas\u0131 \u00f6nemli. M\u00fczakere maddelerinin \u00e7\u00f6z\u00fclmesi zor. Ancak her iki tarafta H\u00fcrm\u00fcz Bo\u011faz\u0131&#x27;n\u0131 a\u00e7ma niyeti \u00f6nemli.<\/p>\n<p>AYRINTILAR GEL\u0130YOR&#8230;<\/p>\n<p>Yurtd\u0131\u015f\u0131nda ya\u015fanan en son olaylar, d\u00fcnya g\u00fcndemine oturan d\u0131\u015f haberler, son dakika d\u00fcnya haberleri, di\u011fer d\u00fcnya \u00fclkelerinden g\u00fcncel haberler i\u00e7in T\u00fcrkiye&#x27;nin haber sitesi hurriyet.com.tr; Hurriyet.com.tr haber i\u00e7erikleri&#8230;<\/p>\n","protected":false},"excerpt":{"rendered":"<p>D\u0131\u015fi\u015fleri Bakan\u0131 Hakan Fidan, Avusturya ziyareti kapsam\u0131nda d\u00fczenledi\u011fi bas\u0131n toplant\u0131s\u0131nda konu\u015fuyor. Fidan, hem ABD hem de \u0130ran&#8217;\u0131n H\u00fcrm\u00fcz Bo\u011faz\u0131&#8217;n\u0131 a\u00e7ma&#8230;<\/p>\n","protected":false},"author":2,"featured_media":30519,"comment_status":"open","ping_status":"open","sticky":false,"template":"","format":"standard","meta":{"footnotes":""},"categories":[6,5],"tags":[],"class_list":["post-30520","post","type-post","status-publish","format-standard","has-post-thumbnail","hentry","category-gundem","category-son-dakika"],"_links":{"self":[{"href":"https:\/\/eskigazeteci.com\/index.php?rest_route=\/wp\/v2\/posts\/30520","targetHints":{"allow":["GET"]}}],"collection":[{"href":"https:\/\/eskigazeteci.com\/index.php?rest_route=\/wp\/v2\/posts"}],"about":[{"href":"https:\/\/eskigazeteci.com\/index.php?rest_route=\/wp\/v2\/types\/post"}],"author":[{"embeddable":true,"href":"https:\/\/eskigazeteci.com\/index.php?rest_route=\/wp\/v2\/users\/2"}],"replies":[{"embeddable":true,"href":"https:\/\/eskigazeteci.com\/index.php?rest_route=%2Fwp%2Fv2%2Fcomments&post=30520"}],"version-history":[{"count":0,"href":"https:\/\/eskigazeteci.com\/index.php?rest_route=\/wp\/v2\/posts\/30520\/revisions"}],"wp:featuredmedia":[{"embeddable":true,"href":"https:\/\/eskigazeteci.com\/index.php?rest_route=\/wp\/v2\/media\/30519"}],"wp:attachment":[{"href":"https:\/\/eskigazeteci.com\/index.php?rest_route=%2Fwp%2Fv2%2Fmedia&parent=30520"}],"wp:term":[{"taxonomy":"category","embeddable":true,"href":"https:\/\/eskigazeteci.com\/index.php?rest_route=%2Fwp%2Fv2%2Fcategories&post=30520"},{"taxonomy":"post_tag","embeddable":true,"href":"https:\/\/eskigazeteci.com\/index.php?rest_route=%2Fwp%2Fv2%2Ftags&post=30520"}],"curies":[{"name":"wp","href":"https:\/\/api.w.org\/{rel}","templated":true}]}}