{"id":30516,"date":"2026-04-29T12:44:48","date_gmt":"2026-04-29T12:44:48","guid":{"rendered":"https:\/\/eskigazeteci.com\/?p=30516"},"modified":"2026-04-29T12:44:48","modified_gmt":"2026-04-29T12:44:48","slug":"cumhurbaskani-erdogan-dunya-3-maymunu-oynuyor","status":"publish","type":"post","link":"https:\/\/eskigazeteci.com\/?p=30516","title":{"rendered":"Cumhurba\u015fkan\u0131 Erdo\u011fan: D\u00fcnya 3 maymunu oynuyor"},"content":{"rendered":"<p>Cumhurba\u015fkan\u0131 Recep Tayyip Erdo\u011fan &#x27;\u0131n a\u00e7\u0131klamalar\u0131ndan sat\u0131r ba\u015flar\u0131;<\/p>\n<p>11. Uluslararas\u0131 Haf\u0131zl\u0131k ve Kur\u2019an-\u0131 Kerim&#x27;i G\u00fczel Okuma Yar\u0131\u015fmas\u0131 \u00d6d\u00fcl merasiminde sizlerle birlikte olmaktan b\u00fcy\u00fck bir memnuniyet duyuyorum. Cumhurba\u015fkanl\u0131\u011f\u0131 K\u00fclliyemize, milletin evine hepiniz ho\u015f geldiniz. D\u00fcnyan\u0131n farkl\u0131 \u00fclkelerinden program\u0131m\u0131z\u0131 te\u015frif eden t\u00fcm misafirlerimize \u015f\u00fckranlar\u0131m\u0131 sunuyorum. Sizlerin \u015fahs\u0131nda g\u00f6n\u00fcl co\u011frafyam\u0131zda ve yery\u00fcz\u00fcn\u00fcn d\u00f6rt bir yan\u0131nda kalbi bizimle atan, \u00fclkemize ve milletimize a\u015fkla, umutla, g\u00fcvenle bakan t\u00fcm karde\u015flerime buradan selamlar\u0131m\u0131, sevgilerimi g\u00f6nderiyorum. Bu muhte\u015fem yar\u0131\u015fmay\u0131 11. kez d\u00fczenleyen Diyanet \u0130\u015fleri Ba\u015fkanl\u0131\u011f\u0131m\u0131za te\u015fekk\u00fcrlerimizi iletiyorum.<\/p>\n<p>\u00d6ncelikle yar\u0131\u015fmaya kat\u0131lan ve dereceye giren her bir karde\u015fimi ayr\u0131 ayr\u0131 tebrik ediyorum. J\u00fcri \u00fcyelerimize de te\u015fekk\u00fcrlerimi sunuyorum.<\/p>\n<p>&quot;HAK\u0130KAT UYGARLI\u011eI OLAN \u0130SLAM&#x27;IN YOLUDUR&quot;<\/p>\n<p>Yine sizlerin vesilesiyle Allah&#x27;\u0131n ism-i celilini, din-i m\u00fcbin-i \u0130slam&#x27;\u0131n e\u015fsiz de\u011ferlerini, g\u00f6n\u00fcller sultan\u0131n\u0131n muhkem ve m\u00fckerrem ahlak\u0131n\u0131 yaymak i\u00e7in canla ba\u015fla \u00e7al\u0131\u015fan, \u00f6mr\u00fcn\u00fc ilme, insan yeti\u015ftirmeye, yery\u00fcz\u00fcn\u00fc iyilik ve g\u00fczellikle tezyin etmeye adayan, bilgi ve tecr\u00fcbesini, ihlas ve samimiyetini ir\u015fad faaliyetleriyle&#8230;<\/p>\n","protected":false},"excerpt":{"rendered":"<p>Cumhurba\u015fkan\u0131 Recep Tayyip Erdo\u011fan Be\u015ftepe Millet Kongre ve K\u00fclt\u00fcr Merkezi&#8217;nde T\u00fcrkiye 11. Uluslararas\u0131 Haf\u0131zl\u0131k ve Kur\u2019an-\u0131 Kerim&#8217;i G\u00fczel Okuma Yar\u0131\u015fmas\u0131&#8230;<\/p>\n","protected":false},"author":2,"featured_media":30515,"comment_status":"open","ping_status":"open","sticky":false,"template":"","format":"standard","meta":{"footnotes":""},"categories":[8,6,5],"tags":[],"class_list":["post-30516","post","type-post","status-publish","format-standard","has-post-thumbnail","hentry","category-arsiv","category-gundem","category-son-dakika"],"_links":{"self":[{"href":"https:\/\/eskigazeteci.com\/index.php?rest_route=\/wp\/v2\/posts\/30516","targetHints":{"allow":["GET"]}}],"collection":[{"href":"https:\/\/eskigazeteci.com\/index.php?rest_route=\/wp\/v2\/posts"}],"about":[{"href":"https:\/\/eskigazeteci.com\/index.php?rest_route=\/wp\/v2\/types\/post"}],"author":[{"embeddable":true,"href":"https:\/\/eskigazeteci.com\/index.php?rest_route=\/wp\/v2\/users\/2"}],"replies":[{"embeddable":true,"href":"https:\/\/eskigazeteci.com\/index.php?rest_route=%2Fwp%2Fv2%2Fcomments&post=30516"}],"version-history":[{"count":0,"href":"https:\/\/eskigazeteci.com\/index.php?rest_route=\/wp\/v2\/posts\/30516\/revisions"}],"wp:featuredmedia":[{"embeddable":true,"href":"https:\/\/eskigazeteci.com\/index.php?rest_route=\/wp\/v2\/media\/30515"}],"wp:attachment":[{"href":"https:\/\/eskigazeteci.com\/index.php?rest_route=%2Fwp%2Fv2%2Fmedia&parent=30516"}],"wp:term":[{"taxonomy":"category","embeddable":true,"href":"https:\/\/eskigazeteci.com\/index.php?rest_route=%2Fwp%2Fv2%2Fcategories&post=30516"},{"taxonomy":"post_tag","embeddable":true,"href":"https:\/\/eskigazeteci.com\/index.php?rest_route=%2Fwp%2Fv2%2Ftags&post=30516"}],"curies":[{"name":"wp","href":"https:\/\/api.w.org\/{rel}","templated":true}]}}