{"id":30514,"date":"2026-04-29T12:37:56","date_gmt":"2026-04-29T12:37:56","guid":{"rendered":"https:\/\/eskigazeteci.com\/?p=30514"},"modified":"2026-04-29T12:37:56","modified_gmt":"2026-04-29T12:37:56","slug":"fed-faiz-karari-nisan-2026","status":"publish","type":"post","link":"https:\/\/eskigazeteci.com\/?p=30514","title":{"rendered":"FED Faiz Karar\u0131 Nisan 2026"},"content":{"rendered":"<p>ABD Merkez Bankas\u0131 (FED), 2026 y\u0131l\u0131n\u0131n \u00fc\u00e7\u00fcnc\u00fc faiz karar\u0131n\u0131 a\u00e7\u0131klamak \u00fczere toplan\u0131yor. Enflasyon verileri, istihdam rakamlar\u0131 ve k\u00fcresel ekonomik belirsizliklerin g\u00f6lgesinde yap\u0131lacak olan kritik toplant\u0131, alt\u0131n, dolar ve borsa \u00fczerinde do\u011frudan etkiye sahip olacak. Yat\u0131r\u0131mc\u0131lar, Jerome Powell\u2019\u0131n yapaca\u011f\u0131 s\u00f6zl\u00fc y\u00f6nlendirmelerde faiz indirim d\u00f6ng\u00fcs\u00fcne dair ipu\u00e7lar\u0131 arayacak. Peki, faiz indirimi gelecek mi? FED faiz karar\u0131 ne zaman a\u00e7\u0131klanacak? \u0130\u015fte, detaylar&#8230;<\/p>\n<p>ABD Merkez Bankas\u0131 (FED), 2026 y\u0131l\u0131n\u0131n \u00fc\u00e7\u00fcnc\u00fc faiz karar\u0131n\u0131 a\u00e7\u0131klamak \u00fczere toplan\u0131yor. Enflasyon verileri, istihdam rakamlar\u0131 ve k\u00fcresel ekonomik belirsizliklerin g\u00f6lgesinde yap\u0131lacak olan kritik toplant\u0131, alt\u0131n, dolar ve borsa \u00fczerinde do\u011frudan etkiye sahip olacak. Yat\u0131r\u0131mc\u0131lar, Jerome Powell\u2019\u0131n yapaca\u011f\u0131 s\u00f6zl\u00fc y\u00f6nlendirmelerde faiz indirim d\u00f6ng\u00fcs\u00fcne dair ipu\u00e7lar\u0131 arayacak. Peki, faiz indirimi gelecek mi? FED faiz karar\u0131 ne zaman a\u00e7\u0131klanacak? \u0130\u015fte, detaylar&#8230;<\/p>\n<p>FED&#x27;in 2026 y\u0131l\u0131n\u0131n \u00fc\u00e7\u00fcnc\u00fc faiz toplant\u0131s\u0131 olan Nisan ay\u0131 oturumu bug\u00fcn sona eriyor. \u0130ki g\u00fcn s\u00fcren kritik g\u00f6r\u00fc\u015fmelerin ard\u0131ndan faiz karar\u0131, 29 Nisan 2026 \u00c7ar\u015famba g\u00fcn\u00fc T\u00fcrkiye saati ile 21:00&#x27;de kamuoyuna duyurulacak. Karar\u0131n hemen ard\u0131ndan, saat 21:30&#x27;da FED&#8230;<\/p>\n","protected":false},"excerpt":{"rendered":"<p>K\u00fcresel piyasalarda g\u00f6zler ABD Merkez Bankas\u0131 (FED) taraf\u0131ndan a\u00e7\u0131klanacak olan Nisan 2026 faiz karar\u0131na \u00e7evrildi. 28-29 Nisan tarihlerinde ger\u00e7ekle\u015ftirilen&#8230;<\/p>\n","protected":false},"author":2,"featured_media":30513,"comment_status":"open","ping_status":"open","sticky":false,"template":"","format":"standard","meta":{"footnotes":""},"categories":[8,6,5],"tags":[],"class_list":["post-30514","post","type-post","status-publish","format-standard","has-post-thumbnail","hentry","category-arsiv","category-gundem","category-son-dakika"],"_links":{"self":[{"href":"https:\/\/eskigazeteci.com\/index.php?rest_route=\/wp\/v2\/posts\/30514","targetHints":{"allow":["GET"]}}],"collection":[{"href":"https:\/\/eskigazeteci.com\/index.php?rest_route=\/wp\/v2\/posts"}],"about":[{"href":"https:\/\/eskigazeteci.com\/index.php?rest_route=\/wp\/v2\/types\/post"}],"author":[{"embeddable":true,"href":"https:\/\/eskigazeteci.com\/index.php?rest_route=\/wp\/v2\/users\/2"}],"replies":[{"embeddable":true,"href":"https:\/\/eskigazeteci.com\/index.php?rest_route=%2Fwp%2Fv2%2Fcomments&post=30514"}],"version-history":[{"count":0,"href":"https:\/\/eskigazeteci.com\/index.php?rest_route=\/wp\/v2\/posts\/30514\/revisions"}],"wp:featuredmedia":[{"embeddable":true,"href":"https:\/\/eskigazeteci.com\/index.php?rest_route=\/wp\/v2\/media\/30513"}],"wp:attachment":[{"href":"https:\/\/eskigazeteci.com\/index.php?rest_route=%2Fwp%2Fv2%2Fmedia&parent=30514"}],"wp:term":[{"taxonomy":"category","embeddable":true,"href":"https:\/\/eskigazeteci.com\/index.php?rest_route=%2Fwp%2Fv2%2Fcategories&post=30514"},{"taxonomy":"post_tag","embeddable":true,"href":"https:\/\/eskigazeteci.com\/index.php?rest_route=%2Fwp%2Fv2%2Ftags&post=30514"}],"curies":[{"name":"wp","href":"https:\/\/api.w.org\/{rel}","templated":true}]}}