{"id":30512,"date":"2026-04-29T12:36:22","date_gmt":"2026-04-29T12:36:22","guid":{"rendered":"https:\/\/eskigazeteci.com\/?p=30512"},"modified":"2026-04-29T12:36:22","modified_gmt":"2026-04-29T12:36:22","slug":"sevdigi-adami-elleriyle-topraga-vermisti-artik-kendini-sadece-iki-cocuguna-adadi","status":"publish","type":"post","link":"https:\/\/eskigazeteci.com\/?p=30512","title":{"rendered":"Sevdi\u011fi adam\u0131 elleriyle topra\u011fa vermi\u015fti\u2026 Art\u0131k kendini sadece iki \u00e7ocu\u011funa adad\u0131"},"content":{"rendered":"<p>Hayal k\u0131r\u0131kl\u0131\u011f\u0131yla biten ilk evlili\u011finin ard\u0131ndan iki \u00e7ocuk evlat edinmi\u015f, kendi ailesini kurup ya\u015faman\u0131n pe\u015fine d\u00fc\u015fm\u00fc\u015fken hayat\u0131n\u0131n a\u015fk\u0131 da kar\u015f\u0131s\u0131na \u00e7\u0131km\u0131\u015ft\u0131.<\/p>\n<p>HAYATININ A\u015eKINI GE\u00c7 BULDU, ERKEN KAYBETT\u0130<\/p>\n<p>Mutlu mesut devam eden hayat\u0131n\u0131n korkun\u00e7 bir trajediyle ellerinden kay\u0131p gidece\u011finden habersizdi\u2026 Sandra Bullock sevdi\u011fi adam\u0131 ALS hastal\u0131\u011f\u0131ndan kaybettikten \u00fc\u00e7 y\u0131l sonra sinemaya geri d\u00f6nd\u00fc<\/p>\n<p>2020&#x27;den sonra gizemli \u015fekilde ortadan kaybolan ve beyaz perdeden de uzak kalan Sandra Bullock&#x27;un bu yoklu\u011funun ard\u0131nda yatanlar bir \u00f6l\u00fcm haberiyle ortaya \u00e7\u0131km\u0131\u015ft\u0131.<\/p>\n<p>2015\u2019ten 2023\u2019e yani son nefesine kadar birlikte oldu\u011fu b\u00fcy\u00fck a\u015fk\u0131 Bryan Randall&#x27;\u0131n \u00f6l\u00fcm\u00fcnden yakla\u015f\u0131k \u00fc\u00e7 y\u0131l sonra setlere geri d\u00f6nen Sandra Bullock hayranlar\u0131n\u0131 sevindirdi ancak bunu oyunculuk kariyeri i\u00e7in kesin kararlar alarak yapt\u0131. Bu d\u00f6n\u00fc\u015f hayranlar\u0131n\u0131 sevindirse de Sandra Bullock art\u0131k \u00e7ok fazla \u00e7al\u0131\u015fmayaca\u011f\u0131n\u0131 ve \u00e7ocuklar\u0131na ay\u0131rmas\u0131 gereken zaman\u0131 i\u015finin \u00e7almas\u0131na izin vermeyece\u011fini s\u00f6yl\u00fcyor<\/p>\n<p>S\u0130NEMAYA GER\u0130 D\u00d6ND\u00dc AMA B\u0130R \u015eARTLA<\/p>\n<p>Ya\u015fad\u0131\u011f\u0131 b\u00fcy\u00fck ac\u0131n\u0131n ard\u0131ndan \u00e7ocuklar\u0131na ve yak\u0131n dostlar\u0131na tutunarak kendini \u00fc\u00e7 y\u0131lda zor toparlayan \u00fcnl\u00fc oyuncu y\u0131llar \u00f6nce Nicole Kidman\u2019la ba\u015frol\u00fcn\u00fc payla\u015ft\u0131\u011f\u0131 Practical Magic&#x27;in devam&#8230;<\/p>\n","protected":false},"excerpt":{"rendered":"<p>Sinema d\u00fcnyas\u0131n\u0131n en sevilen y\u00fczlerinden biriydi. Ba\u015far\u0131larla dolu kariyeri bir yana g\u00fcler y\u00fcz\u00fcyle, yard\u0131m severli\u011fiyle, sempatik tav\u0131rlar\u0131yla hem hayranlar\u0131&#8230;<\/p>\n","protected":false},"author":2,"featured_media":30511,"comment_status":"open","ping_status":"open","sticky":false,"template":"","format":"standard","meta":{"footnotes":""},"categories":[8,6,5],"tags":[],"class_list":["post-30512","post","type-post","status-publish","format-standard","has-post-thumbnail","hentry","category-arsiv","category-gundem","category-son-dakika"],"_links":{"self":[{"href":"https:\/\/eskigazeteci.com\/index.php?rest_route=\/wp\/v2\/posts\/30512","targetHints":{"allow":["GET"]}}],"collection":[{"href":"https:\/\/eskigazeteci.com\/index.php?rest_route=\/wp\/v2\/posts"}],"about":[{"href":"https:\/\/eskigazeteci.com\/index.php?rest_route=\/wp\/v2\/types\/post"}],"author":[{"embeddable":true,"href":"https:\/\/eskigazeteci.com\/index.php?rest_route=\/wp\/v2\/users\/2"}],"replies":[{"embeddable":true,"href":"https:\/\/eskigazeteci.com\/index.php?rest_route=%2Fwp%2Fv2%2Fcomments&post=30512"}],"version-history":[{"count":0,"href":"https:\/\/eskigazeteci.com\/index.php?rest_route=\/wp\/v2\/posts\/30512\/revisions"}],"wp:featuredmedia":[{"embeddable":true,"href":"https:\/\/eskigazeteci.com\/index.php?rest_route=\/wp\/v2\/media\/30511"}],"wp:attachment":[{"href":"https:\/\/eskigazeteci.com\/index.php?rest_route=%2Fwp%2Fv2%2Fmedia&parent=30512"}],"wp:term":[{"taxonomy":"category","embeddable":true,"href":"https:\/\/eskigazeteci.com\/index.php?rest_route=%2Fwp%2Fv2%2Fcategories&post=30512"},{"taxonomy":"post_tag","embeddable":true,"href":"https:\/\/eskigazeteci.com\/index.php?rest_route=%2Fwp%2Fv2%2Ftags&post=30512"}],"curies":[{"name":"wp","href":"https:\/\/api.w.org\/{rel}","templated":true}]}}