{"id":30508,"date":"2026-04-29T12:27:51","date_gmt":"2026-04-29T12:27:51","guid":{"rendered":"https:\/\/eskigazeteci.com\/?p=30508"},"modified":"2026-04-29T12:27:51","modified_gmt":"2026-04-29T12:27:51","slug":"cumhurbaskani-erdogandan-onemli-aciklamalar-18","status":"publish","type":"post","link":"https:\/\/eskigazeteci.com\/?p=30508","title":{"rendered":"Cumhurba\u015fkan\u0131 Erdo\u011fan&#8217;dan \u00f6nemli a\u00e7\u0131klamalar"},"content":{"rendered":"<p>Cumhurba\u015fkan\u0131 Recep Tayyip Erdo\u011fan &#x27;\u0131n a\u00e7\u0131klamalar\u0131ndan sat\u0131r ba\u015flar\u0131;<\/p>\n<p>11. Uluslararas\u0131 Haf\u0131zl\u0131k ve Kur\u2019an-\u0131 Kerim&#x27;i G\u00fczel Okuma Yar\u0131\u015fmas\u0131 \u00d6d\u00fcl merasiminde sizlerle birlikte olmaktan b\u00fcy\u00fck bir memnuniyet duyuyorum. Bu muhte\u015fem yar\u0131\u015fmay\u0131 11. kez d\u00fczenleyen Diyanet \u0130\u015fleri Ba\u015fkanl\u0131\u011f\u0131m\u0131za te\u015fekk\u00fcrlerimizi iletiyorum.<\/p>\n<p>\u00d6ncelikle yar\u0131\u015fmaya kat\u0131lan ve dereceye giren her bir karde\u015fimi ayr\u0131 ayr\u0131 tebrik ediyorum. J\u00fcri \u00fcyelerimize de te\u015fekk\u00fcrlerimi sunuyorum.<\/p>\n<p>Ayr\u0131nt\u0131lar Geliyor&#8230;<\/p>\n<p>T\u00fcrkiye g\u00fcndeminden son dakika haberleri, bug\u00fcn ya\u015fanan en son geli\u015fmeler, siyaset g\u00fcndeminden g\u00fcncel haberler ve b\u00fct\u00fcn son dakika haberleri i\u00e7in H\u00fcrriyet&#x27;in internet haber sitesi hurriyet.com.tr; Hurriyet.com.tr haber i\u00e7erikleri kaynak g\u00f6sterilmeden al\u0131nt\u0131 yap\u0131lamaz, Kanuna ayk\u0131r\u0131 ve izinsiz olarak kopyalanamaz, ba\u015fka yerde yay\u0131nlanamaz.<\/p>\n","protected":false},"excerpt":{"rendered":"<p>Cumhurba\u015fkan\u0131 Recep Tayyip Erdo\u011fan Be\u015ftepe Millet Kongre ve K\u00fclt\u00fcr Merkezi&#8217;nde T\u00fcrkiye 11. Uluslararas\u0131 Haf\u0131zl\u0131k ve Kur\u2019an-\u0131 Kerim&#8217;i G\u00fczel Okuma Yar\u0131\u015fmas\u0131&#8230;<\/p>\n","protected":false},"author":2,"featured_media":30507,"comment_status":"open","ping_status":"open","sticky":false,"template":"","format":"standard","meta":{"footnotes":""},"categories":[8,6,5],"tags":[],"class_list":["post-30508","post","type-post","status-publish","format-standard","has-post-thumbnail","hentry","category-arsiv","category-gundem","category-son-dakika"],"_links":{"self":[{"href":"https:\/\/eskigazeteci.com\/index.php?rest_route=\/wp\/v2\/posts\/30508","targetHints":{"allow":["GET"]}}],"collection":[{"href":"https:\/\/eskigazeteci.com\/index.php?rest_route=\/wp\/v2\/posts"}],"about":[{"href":"https:\/\/eskigazeteci.com\/index.php?rest_route=\/wp\/v2\/types\/post"}],"author":[{"embeddable":true,"href":"https:\/\/eskigazeteci.com\/index.php?rest_route=\/wp\/v2\/users\/2"}],"replies":[{"embeddable":true,"href":"https:\/\/eskigazeteci.com\/index.php?rest_route=%2Fwp%2Fv2%2Fcomments&post=30508"}],"version-history":[{"count":0,"href":"https:\/\/eskigazeteci.com\/index.php?rest_route=\/wp\/v2\/posts\/30508\/revisions"}],"wp:featuredmedia":[{"embeddable":true,"href":"https:\/\/eskigazeteci.com\/index.php?rest_route=\/wp\/v2\/media\/30507"}],"wp:attachment":[{"href":"https:\/\/eskigazeteci.com\/index.php?rest_route=%2Fwp%2Fv2%2Fmedia&parent=30508"}],"wp:term":[{"taxonomy":"category","embeddable":true,"href":"https:\/\/eskigazeteci.com\/index.php?rest_route=%2Fwp%2Fv2%2Fcategories&post=30508"},{"taxonomy":"post_tag","embeddable":true,"href":"https:\/\/eskigazeteci.com\/index.php?rest_route=%2Fwp%2Fv2%2Ftags&post=30508"}],"curies":[{"name":"wp","href":"https:\/\/api.w.org\/{rel}","templated":true}]}}