{"id":30506,"date":"2026-04-29T12:26:18","date_gmt":"2026-04-29T12:26:18","guid":{"rendered":"https:\/\/eskigazeteci.com\/?p=30506"},"modified":"2026-04-29T12:26:18","modified_gmt":"2026-04-29T12:26:18","slug":"motosiklet-surucusu-yusuf-akkurt-kazada-hayatini-kaybetti","status":"publish","type":"post","link":"https:\/\/eskigazeteci.com\/?p=30506","title":{"rendered":"Motosiklet s\u00fcr\u00fcc\u00fcs\u00fc Yusuf Akkurt kazada hayat\u0131n\u0131 kaybetti"},"content":{"rendered":"<p>Finike &#x27;ye ba\u011fl\u0131 Sakl\u0131su Mahallesi&#x27;nde Yusuf Akkurt y\u00f6netimindeki 07 BSU 880 plakal\u0131 motosiklet, kar\u015f\u0131 y\u00f6nden gelen M.A. (46) idaresindeki kamyon ile \u00e7arp\u0131\u015ft\u0131. \u0130hbar \u00fczerine olay yerine sa\u011fl\u0131k ve jandarma ekipleri sevk edildi. \u00c7arp\u0131\u015fman\u0131n etkisiyle a\u011f\u0131r yaralanan Yusuf Akkurt&#x27;un olay yerinde hayat\u0131n\u0131 kaybetti\u011fi belirlendi.<\/p>\n<p>Yusuf Akkurt&#x27;un cenazesi yap\u0131lan incelemelerin ard\u0131ndan morga kald\u0131r\u0131ld\u0131. Kazayla ilgili soru\u015fturma ba\u015flat\u0131ld\u0131. (DHA)<\/p>\n<p>T\u00fcrkiye g\u00fcndeminden son dakika haberleri, bug\u00fcn ya\u015fanan en son geli\u015fmeler, siyaset g\u00fcndeminden g\u00fcncel haberler ve b\u00fct\u00fcn son dakika haberleri i\u00e7in H\u00fcrriyet&#x27;in internet haber sitesi hurriyet.com.tr; Hurriyet.com.tr haber i\u00e7erikleri kaynak g\u00f6sterilmeden al\u0131nt\u0131 yap\u0131lamaz, Kanuna ayk\u0131r\u0131 ve izinsiz olarak kopyalanamaz, ba\u015fka yerde yay\u0131nlanamaz.<\/p>\n","protected":false},"excerpt":{"rendered":"<p>ANTALYA&#8217;n\u0131n Finike il\u00e7esinde kamyonla \u00e7arp\u0131\u015fan motosikletin s\u00fcr\u00fcc\u00fcs\u00fc Yusuf Akkurt (17) hayat\u0131n\u0131 kaybetti.<\/p>\n","protected":false},"author":2,"featured_media":30505,"comment_status":"open","ping_status":"open","sticky":false,"template":"","format":"standard","meta":{"footnotes":""},"categories":[8,6,5],"tags":[],"class_list":["post-30506","post","type-post","status-publish","format-standard","has-post-thumbnail","hentry","category-arsiv","category-gundem","category-son-dakika"],"_links":{"self":[{"href":"https:\/\/eskigazeteci.com\/index.php?rest_route=\/wp\/v2\/posts\/30506","targetHints":{"allow":["GET"]}}],"collection":[{"href":"https:\/\/eskigazeteci.com\/index.php?rest_route=\/wp\/v2\/posts"}],"about":[{"href":"https:\/\/eskigazeteci.com\/index.php?rest_route=\/wp\/v2\/types\/post"}],"author":[{"embeddable":true,"href":"https:\/\/eskigazeteci.com\/index.php?rest_route=\/wp\/v2\/users\/2"}],"replies":[{"embeddable":true,"href":"https:\/\/eskigazeteci.com\/index.php?rest_route=%2Fwp%2Fv2%2Fcomments&post=30506"}],"version-history":[{"count":0,"href":"https:\/\/eskigazeteci.com\/index.php?rest_route=\/wp\/v2\/posts\/30506\/revisions"}],"wp:featuredmedia":[{"embeddable":true,"href":"https:\/\/eskigazeteci.com\/index.php?rest_route=\/wp\/v2\/media\/30505"}],"wp:attachment":[{"href":"https:\/\/eskigazeteci.com\/index.php?rest_route=%2Fwp%2Fv2%2Fmedia&parent=30506"}],"wp:term":[{"taxonomy":"category","embeddable":true,"href":"https:\/\/eskigazeteci.com\/index.php?rest_route=%2Fwp%2Fv2%2Fcategories&post=30506"},{"taxonomy":"post_tag","embeddable":true,"href":"https:\/\/eskigazeteci.com\/index.php?rest_route=%2Fwp%2Fv2%2Ftags&post=30506"}],"curies":[{"name":"wp","href":"https:\/\/api.w.org\/{rel}","templated":true}]}}