{"id":30504,"date":"2026-04-29T12:24:45","date_gmt":"2026-04-29T12:24:45","guid":{"rendered":"https:\/\/eskigazeteci.com\/?p=30504"},"modified":"2026-04-29T12:24:45","modified_gmt":"2026-04-29T12:24:45","slug":"sivasta-vatandas-coplukte-gordugune-inanamadi-tam-128-parca","status":"publish","type":"post","link":"https:\/\/eskigazeteci.com\/?p=30504","title":{"rendered":"Sivas&#8217;ta vatanda\u015f \u00e7\u00f6pl\u00fckte g\u00f6rd\u00fc\u011f\u00fcne inanamad\u0131: Tam 128 par\u00e7a&#8230;"},"content":{"rendered":"<p>G\u00fcr\u00fcn il\u00e7esinde hurdac\u0131l\u0131k yapan Mehmet \u00d6zdemir, \u00e7\u00f6pl\u00fckten hurda toplad\u0131\u011f\u0131 s\u0131rada bir\u00e7ok tarihi oldu\u011funu de\u011ferlendirdi\u011fi materyal g\u00f6rd\u00fc. \u00d6zdemir, \u00e7\u00f6pl\u00fck i\u00e7indeki hurdan\u0131n i\u00e7inden toplad\u0131\u011f\u0131 onlarca tarihi eseri alarak durumu yetkililere bildirdi. Yap\u0131lan incelemeler sonucunda tarihi eserlerin 102 sikke, 11 y\u00fcz\u00fck, 7 obje, 3 heykel, 2 m\u00fch\u00fcr, 1 ok ucu, 1 y\u00fcz\u00fck par\u00e7as\u0131, 1 madeni paradan olu\u015ftu\u011fu belirlendi.<\/p>\n<p>128 par\u00e7adan olu\u015fan tarihi eserler Sivas M\u00fcze M\u00fcd\u00fcrl\u00fc\u011f\u00fc&#x27;ne teslim edildi.<\/p>\n<p>T\u00fcrkiye g\u00fcndeminden son dakika haberleri, bug\u00fcn ya\u015fanan en son geli\u015fmeler, siyaset g\u00fcndeminden g\u00fcncel haberler ve b\u00fct\u00fcn son dakika haberleri i\u00e7in H\u00fcrriyet&#x27;in internet haber sitesi hurriyet.com.tr; Hurriyet.com.tr haber i\u00e7erikleri kaynak g\u00f6sterilmeden al\u0131nt\u0131 yap\u0131lamaz, Kanuna ayk\u0131r\u0131 ve izinsiz olarak kopyalanamaz, ba\u015fka yerde yay\u0131nlanamaz.<\/p>\n","protected":false},"excerpt":{"rendered":"<p>Sivas&#8217;ta bir vatanda\u015f \u00e7\u00f6pl\u00fckten hurda toplarken 128 par\u00e7adan olu\u015fan tarihi eserlerle ile kar\u015f\u0131la\u015ft\u0131. Vatanda\u015f\u0131n, buldu\u011fu tarihi eserler Sivas M\u00fcze&#8230;<\/p>\n","protected":false},"author":2,"featured_media":30503,"comment_status":"open","ping_status":"open","sticky":false,"template":"","format":"standard","meta":{"footnotes":""},"categories":[8,6,5],"tags":[],"class_list":["post-30504","post","type-post","status-publish","format-standard","has-post-thumbnail","hentry","category-arsiv","category-gundem","category-son-dakika"],"_links":{"self":[{"href":"https:\/\/eskigazeteci.com\/index.php?rest_route=\/wp\/v2\/posts\/30504","targetHints":{"allow":["GET"]}}],"collection":[{"href":"https:\/\/eskigazeteci.com\/index.php?rest_route=\/wp\/v2\/posts"}],"about":[{"href":"https:\/\/eskigazeteci.com\/index.php?rest_route=\/wp\/v2\/types\/post"}],"author":[{"embeddable":true,"href":"https:\/\/eskigazeteci.com\/index.php?rest_route=\/wp\/v2\/users\/2"}],"replies":[{"embeddable":true,"href":"https:\/\/eskigazeteci.com\/index.php?rest_route=%2Fwp%2Fv2%2Fcomments&post=30504"}],"version-history":[{"count":0,"href":"https:\/\/eskigazeteci.com\/index.php?rest_route=\/wp\/v2\/posts\/30504\/revisions"}],"wp:featuredmedia":[{"embeddable":true,"href":"https:\/\/eskigazeteci.com\/index.php?rest_route=\/wp\/v2\/media\/30503"}],"wp:attachment":[{"href":"https:\/\/eskigazeteci.com\/index.php?rest_route=%2Fwp%2Fv2%2Fmedia&parent=30504"}],"wp:term":[{"taxonomy":"category","embeddable":true,"href":"https:\/\/eskigazeteci.com\/index.php?rest_route=%2Fwp%2Fv2%2Fcategories&post=30504"},{"taxonomy":"post_tag","embeddable":true,"href":"https:\/\/eskigazeteci.com\/index.php?rest_route=%2Fwp%2Fv2%2Ftags&post=30504"}],"curies":[{"name":"wp","href":"https:\/\/api.w.org\/{rel}","templated":true}]}}