{"id":30502,"date":"2026-04-29T12:14:43","date_gmt":"2026-04-29T12:14:43","guid":{"rendered":"https:\/\/eskigazeteci.com\/?p=30502"},"modified":"2026-04-29T12:14:43","modified_gmt":"2026-04-29T12:14:43","slug":"fenerbahcede-yeni-baskani-bekleyen-tehlike-39-futbolcu-olacak","status":"publish","type":"post","link":"https:\/\/eskigazeteci.com\/?p=30502","title":{"rendered":"Fenerbah\u00e7e&#8217;de yeni ba\u015fkan\u0131 bekleyen tehlike! 39 futbolcu olacak"},"content":{"rendered":"<p>Fenerbah\u00e7e , son olarak S\u00fcper Lig &#x27;de Galatasaray &#x27;a 3-0 ma\u011flup olmas\u0131n\u0131n ard\u0131ndan \u015fampiyonlu\u011fu ezeli rakibine kapt\u0131rd\u0131.<\/p>\n<p>Ma\u00e7\u0131n ard\u0131ndan Fenerbah\u00e7e&#x27;de Ba\u015fkan Sadettin Saran, kul\u00fcp taraf\u0131ndan yap\u0131lan resmi a\u00e7\u0131klamada se\u00e7ime gidilece\u011fini duyurdu. Bununla beraber sportif direkt\u00f6r Devin \u00d6zek ve Teknik Direkt\u00f6r Domenico Tedesco ile yollar\u0131n\u0131 ay\u0131rd\u0131.<\/p>\n<p>Sadettin Saran , se\u00e7imin 6-7 Haziran tarihlerinde yap\u0131laca\u011f\u0131n\u0131 ve kendisinin aday olmad\u0131\u011f\u0131n\u0131 duyurdu.<\/p>\n<p>3 ADAY VAR<\/p>\n<p>Fenerbah\u00e7e&#x27;de ba\u015fkan adayl\u0131\u011f\u0131na Hakan Safi, Bar\u0131\u015f G\u00f6kt\u00fcrk ve Mehmet Ali Ayd\u0131nlar aday olduklar\u0131n\u0131 ifade etti.<\/p>\n<p>YEN\u0130 BA\u015eKANI 39 FUTBOLCU BEKL\u0130YOR<\/p>\n<p>Ya\u015fanan bu geli\u015fmelerin akabinde, Fenerbah\u00e7e yeni sezonu toplamda 39 futbolcu ile a\u00e7acak. Mevcut durumda 28 futbolcusu bulunan Fenerbah\u00e7e&#x27;nin, 12 futbolcusu \u00e7e\u015fitli tak\u0131mlarda kiral\u0131k forma giyiyor.<\/p>\n<p>\u0130\u015eTE O \u0130S\u0130MLER<\/p>\n<p>Emre Demir &#8211; Sakaryaspor<\/p>\n<p>Cengiz \u00dcnder &#8211; Be\u015fikta\u015f<\/p>\n<p>\u0130rfan Can E\u011fribayat &#8211; Samsunspor<\/p>\n<p>Yi\u011fit fidan &#8211; Pendikspor<\/p>\n<p>Diego Carlos &#8211; Como<\/p>\n<p>Omar Fayed &#8211; FC Arouca<\/p>\n<p>Sofyan Amrabat &#8211; Real Betis<\/p>\n<p>\u0130rfan Can Kahveci &#8211; Kas\u0131mpa\u015fa<\/p>\n<p>Rodrigo Becao &#8211; Kas\u0131mpa\u015fa<\/p>\n<p>Bertu\u011f Elmaz &#8211; Fatih Karag\u00fcmr\u00fck<\/p>\n<p>Dominik Livakovic &#8211; Dinamo Zagreb<\/p>\n<p>Ognjen Mimovic &#8211; Pafos Fc<\/p>\n<p>EDSON AYRILACAK<\/p>\n<p>\u00d6te yandan sezon&#8230;<\/p>\n","protected":false},"excerpt":{"rendered":"<p>Fenerbah\u00e7e&#8217;de mevcut ba\u015fkan Sadettin Saran&#8217;\u0131n se\u00e7im karar\u0131n\u0131n ard\u0131ndan, sar\u0131 lacivertlilerde bir yandan g\u00f6zler yeni y\u00f6netime \u00e7evrilirken, di\u011fer yandan da&#8230;<\/p>\n","protected":false},"author":2,"featured_media":30501,"comment_status":"open","ping_status":"open","sticky":false,"template":"","format":"standard","meta":{"footnotes":""},"categories":[8,5,7],"tags":[],"class_list":["post-30502","post","type-post","status-publish","format-standard","has-post-thumbnail","hentry","category-arsiv","category-son-dakika","category-spor"],"_links":{"self":[{"href":"https:\/\/eskigazeteci.com\/index.php?rest_route=\/wp\/v2\/posts\/30502","targetHints":{"allow":["GET"]}}],"collection":[{"href":"https:\/\/eskigazeteci.com\/index.php?rest_route=\/wp\/v2\/posts"}],"about":[{"href":"https:\/\/eskigazeteci.com\/index.php?rest_route=\/wp\/v2\/types\/post"}],"author":[{"embeddable":true,"href":"https:\/\/eskigazeteci.com\/index.php?rest_route=\/wp\/v2\/users\/2"}],"replies":[{"embeddable":true,"href":"https:\/\/eskigazeteci.com\/index.php?rest_route=%2Fwp%2Fv2%2Fcomments&post=30502"}],"version-history":[{"count":0,"href":"https:\/\/eskigazeteci.com\/index.php?rest_route=\/wp\/v2\/posts\/30502\/revisions"}],"wp:featuredmedia":[{"embeddable":true,"href":"https:\/\/eskigazeteci.com\/index.php?rest_route=\/wp\/v2\/media\/30501"}],"wp:attachment":[{"href":"https:\/\/eskigazeteci.com\/index.php?rest_route=%2Fwp%2Fv2%2Fmedia&parent=30502"}],"wp:term":[{"taxonomy":"category","embeddable":true,"href":"https:\/\/eskigazeteci.com\/index.php?rest_route=%2Fwp%2Fv2%2Fcategories&post=30502"},{"taxonomy":"post_tag","embeddable":true,"href":"https:\/\/eskigazeteci.com\/index.php?rest_route=%2Fwp%2Fv2%2Ftags&post=30502"}],"curies":[{"name":"wp","href":"https:\/\/api.w.org\/{rel}","templated":true}]}}