{"id":30500,"date":"2026-04-29T12:06:17","date_gmt":"2026-04-29T12:06:17","guid":{"rendered":"https:\/\/eskigazeteci.com\/?p=30500"},"modified":"2026-04-29T12:06:17","modified_gmt":"2026-04-29T12:06:17","slug":"agri-sikayeti-ile-gitti-varilan-teshis-doktorlari-da-hayrete-dusurdu","status":"publish","type":"post","link":"https:\/\/eskigazeteci.com\/?p=30500","title":{"rendered":"A\u011fr\u0131 \u015fikayeti ile gitti, var\u0131lan te\u015fhis doktorlar\u0131 da hayrete d\u00fc\u015f\u00fcrd\u00fc"},"content":{"rendered":"<p>Genetik polikistik b\u00f6brek hastas\u0131 Mustafa Do\u011fan, karn\u0131ndaki \u015fi\u015flik ve a\u011f\u0131rl\u0131\u011f\u0131n tedavisi gerek\u00e7esiyle Gaziantep \u015eehir Hastanesi\u2019ne ba\u015fvurdu. Nefroloji Uzman\u0131 Dr. Mehmet Tuncay ile Genel Cerrahi ve Organ Nakli Uzman\u0131 Do\u00e7. Dr. Y\u00fccel Y\u00fcksel taraf\u0131ndan kontrol edilen hasta, b\u00f6bre\u011fin i\u015flevini yitirdi\u011fi ve a\u015f\u0131r\u0131 b\u00fcy\u00fcmesi sebebiyle di\u011fer organlar\u0131na da zarar verdi\u011fi tespit edilip ameliyat karar\u0131 al\u0131nd\u0131. 50 santim b\u00fcy\u00fckl\u00fc\u011fe ula\u015fan ve 8 kilo a\u011f\u0131rl\u0131\u011f\u0131 a\u015fan b\u00f6brek 30 dakika s\u00fcren ameliyatla al\u0131nd\u0131. Do\u011fan, i\u015flevini yitiren b\u00f6bre\u011finin al\u0131nmas\u0131n\u0131n ard\u0131ndan yeni b\u00f6brek nakli yap\u0131lana kadar diyaliz tedavisine devam edecek.<\/p>\n<p>\u2018B\u00d6BRE\u011e\u0130 B\u00dcY\u00dcTEN VE K\u0130STLERLE DOLDURAN \u0130LG\u0130N\u00c7 B\u0130R HASTALIK\u2019<\/p>\n<p>Hastan\u0131n kar\u0131n \u015fi\u015fli\u011fi ve a\u011f\u0131rl\u0131k \u015fikayetiyle kendilerine geldi\u011fini s\u00f6yleyen Nefroloji Uzman\u0131 Dr. Mehmet Tuncay, 8 kilograml\u0131k b\u00f6bre\u011fi ameliyatla ald\u0131klar\u0131n\u0131 ifade ederek, &quot;Genetik Polikistik b\u00f6brek hastal\u0131\u011f\u0131 dedi\u011fimiz bir b\u00f6brek hastal\u0131\u011f\u0131 var. Bu hastal\u0131k b\u00f6brek yetmezli\u011finin en \u00f6nemli sebeplerinden biri. Bu hastal\u0131k genetik bir sebep nedeniyle b\u00f6bre\u011fi \u00e7ok b\u00fcy\u00fcten, tamam\u0131n\u0131 kistlerle dolduran ilgin\u00e7 bir hastal\u0131k. Erken tan\u0131da tedavi edilebilir ama gecikme durumunda diyaliz tedavisi ka\u00e7\u0131n\u0131lmaz oluyor. B\u00f6brek \u00e7ok&#8230;<\/p>\n","protected":false},"excerpt":{"rendered":"<p>Gaziantep&#8217;te genetik polikistik b\u00f6brek hastas\u0131 olan, karn\u0131ndaki a\u011fr\u0131 ve \u015fi\u015fkinlikle hastaneye ba\u015fvuran Mustafa Do\u011fan\u2019\u0131n (61), i\u015flevini yitiren ve 8 kiloyu&#8230;<\/p>\n","protected":false},"author":2,"featured_media":30499,"comment_status":"open","ping_status":"open","sticky":false,"template":"","format":"standard","meta":{"footnotes":""},"categories":[8,6,5],"tags":[],"class_list":["post-30500","post","type-post","status-publish","format-standard","has-post-thumbnail","hentry","category-arsiv","category-gundem","category-son-dakika"],"_links":{"self":[{"href":"https:\/\/eskigazeteci.com\/index.php?rest_route=\/wp\/v2\/posts\/30500","targetHints":{"allow":["GET"]}}],"collection":[{"href":"https:\/\/eskigazeteci.com\/index.php?rest_route=\/wp\/v2\/posts"}],"about":[{"href":"https:\/\/eskigazeteci.com\/index.php?rest_route=\/wp\/v2\/types\/post"}],"author":[{"embeddable":true,"href":"https:\/\/eskigazeteci.com\/index.php?rest_route=\/wp\/v2\/users\/2"}],"replies":[{"embeddable":true,"href":"https:\/\/eskigazeteci.com\/index.php?rest_route=%2Fwp%2Fv2%2Fcomments&post=30500"}],"version-history":[{"count":0,"href":"https:\/\/eskigazeteci.com\/index.php?rest_route=\/wp\/v2\/posts\/30500\/revisions"}],"wp:featuredmedia":[{"embeddable":true,"href":"https:\/\/eskigazeteci.com\/index.php?rest_route=\/wp\/v2\/media\/30499"}],"wp:attachment":[{"href":"https:\/\/eskigazeteci.com\/index.php?rest_route=%2Fwp%2Fv2%2Fmedia&parent=30500"}],"wp:term":[{"taxonomy":"category","embeddable":true,"href":"https:\/\/eskigazeteci.com\/index.php?rest_route=%2Fwp%2Fv2%2Fcategories&post=30500"},{"taxonomy":"post_tag","embeddable":true,"href":"https:\/\/eskigazeteci.com\/index.php?rest_route=%2Fwp%2Fv2%2Ftags&post=30500"}],"curies":[{"name":"wp","href":"https:\/\/api.w.org\/{rel}","templated":true}]}}