{"id":30498,"date":"2026-04-29T12:04:44","date_gmt":"2026-04-29T12:04:44","guid":{"rendered":"https:\/\/eskigazeteci.com\/?p=30498"},"modified":"2026-04-29T12:04:44","modified_gmt":"2026-04-29T12:04:44","slug":"avrupa-liginde-bu-hafta-hangi-maclar-var-avrupa-ligi-yari-final-maclari-ne-zaman-saat-kacta-oynanacak","status":"publish","type":"post","link":"https:\/\/eskigazeteci.com\/?p=30498","title":{"rendered":"Avrupa Ligi&#8217;nde bu hafta hangi ma\u00e7lar var? Avrupa Ligi yar\u0131 final ma\u00e7lar\u0131 ne zaman, saat ka\u00e7ta oynanacak?"},"content":{"rendered":"<p>Avrupa Ligi yar\u0131 final etab\u0131nda 2 kritik ma\u00e7 oynanacak. Portekiz ekibi Braga, Alman temsilcisi Freiburg&#x27;u konuk edecek. Di\u011fer taraftan ise Nottingham Forest, Aston Villa ile kar\u015f\u0131 kar\u015f\u0131ya gelecek. Ekipler m\u00fcsabakalardan avantajl\u0131 ayr\u0131lmak i\u00e7in m\u00fccadele edecek. Peki Avrupa Ligi yar\u0131 final ma\u00e7lar\u0131 ne zaman, saat ka\u00e7ta oynanacak?<\/p>\n<p>Avrupa Ligi yar\u0131 final ilk ma\u00e7lar\u0131 30 Nisan Per\u015fembe g\u00fcn\u00fc oynanacak. Kar\u015f\u0131la\u015fmalar\u0131n r\u00f6van\u015flar\u0131, 7 May\u0131s Per\u015fembe g\u00fcn\u00fc oynanacak.<\/p>\n<p>Avrupa Ligi yar\u0131 final ilk ma\u00e7lar\u0131 30 Nisan Per\u015fembe g\u00fcn\u00fc oynanacak.<\/p>\n<p>Kar\u015f\u0131la\u015fmalar\u0131n r\u00f6van\u015flar\u0131, 7 May\u0131s Per\u015fembe g\u00fcn\u00fc oynanacak.<\/p>\n<p>Organizasyonda Portekiz ekibi Braga, TS\u0130 22.00&#x27;de Alman temsilcisi Freiburg&#x27;u konuk edecek. Di\u011fer e\u015fle\u015fmede \u0130ngiliz ekipleri Nottingham Forest ile Aston Villa, ayn\u0131 saatte kar\u015f\u0131 kar\u015f\u0131ya gelecek.<\/p>\n<p>Organizasyonda Portekiz ekibi Braga, TS\u0130 22.00&#x27;de Alman temsilcisi Freiburg&#x27;u konuk edecek.<\/p>\n<p>Di\u011fer e\u015fle\u015fmede \u0130ngiliz ekipleri Nottingham Forest ile Aston Villa, ayn\u0131 saatte kar\u015f\u0131 kar\u015f\u0131ya gelecek.<\/p>\n<p>T\u00fcrkiye&#x27;den ve D\u00fcnya\u2019dan son dakika haberleri, k\u00f6\u015fe yaz\u0131lar\u0131, magazinden siyasete, spordan seyahate b\u00fct\u00fcn konular\u0131n tek adresi Hurriyet.com.tr haber i\u00e7erikleri izin al\u0131nmadan, kaynak g\u00f6sterilerek dahi iktibas&#8230;<\/p>\n","protected":false},"excerpt":{"rendered":"<p>Avrupa Ligi&#8217;nde yar\u0131 final heyecan\u0131 ba\u015fl\u0131yor. Braga, Freiburg, Nottingham Forest ve Aston Villa&#8217;n\u0131n sahada olaca\u011f\u0131 turnuvada ekipler m\u00fccadeleden avantajl\u0131&#8230;<\/p>\n","protected":false},"author":2,"featured_media":30497,"comment_status":"open","ping_status":"open","sticky":false,"template":"","format":"standard","meta":{"footnotes":""},"categories":[5,7],"tags":[],"class_list":["post-30498","post","type-post","status-publish","format-standard","has-post-thumbnail","hentry","category-son-dakika","category-spor"],"_links":{"self":[{"href":"https:\/\/eskigazeteci.com\/index.php?rest_route=\/wp\/v2\/posts\/30498","targetHints":{"allow":["GET"]}}],"collection":[{"href":"https:\/\/eskigazeteci.com\/index.php?rest_route=\/wp\/v2\/posts"}],"about":[{"href":"https:\/\/eskigazeteci.com\/index.php?rest_route=\/wp\/v2\/types\/post"}],"author":[{"embeddable":true,"href":"https:\/\/eskigazeteci.com\/index.php?rest_route=\/wp\/v2\/users\/2"}],"replies":[{"embeddable":true,"href":"https:\/\/eskigazeteci.com\/index.php?rest_route=%2Fwp%2Fv2%2Fcomments&post=30498"}],"version-history":[{"count":0,"href":"https:\/\/eskigazeteci.com\/index.php?rest_route=\/wp\/v2\/posts\/30498\/revisions"}],"wp:featuredmedia":[{"embeddable":true,"href":"https:\/\/eskigazeteci.com\/index.php?rest_route=\/wp\/v2\/media\/30497"}],"wp:attachment":[{"href":"https:\/\/eskigazeteci.com\/index.php?rest_route=%2Fwp%2Fv2%2Fmedia&parent=30498"}],"wp:term":[{"taxonomy":"category","embeddable":true,"href":"https:\/\/eskigazeteci.com\/index.php?rest_route=%2Fwp%2Fv2%2Fcategories&post=30498"},{"taxonomy":"post_tag","embeddable":true,"href":"https:\/\/eskigazeteci.com\/index.php?rest_route=%2Fwp%2Fv2%2Ftags&post=30498"}],"curies":[{"name":"wp","href":"https:\/\/api.w.org\/{rel}","templated":true}]}}