{"id":30496,"date":"2026-04-29T11:57:49","date_gmt":"2026-04-29T11:57:49","guid":{"rendered":"https:\/\/eskigazeteci.com\/?p=30496"},"modified":"2026-04-29T11:57:49","modified_gmt":"2026-04-29T11:57:49","slug":"hakan-cakir-cinayetine-iliskin-davada-gerekceli-karar-aciklandi","status":"publish","type":"post","link":"https:\/\/eskigazeteci.com\/?p=30496","title":{"rendered":"Hakan \u00c7ak\u0131r cinayetine ili\u015fkin davada gerek\u00e7eli karar a\u00e7\u0131kland\u0131"},"content":{"rendered":"<p>Ke\u00e7i\u00f6ren&#x27;de \u00e7i\u011f k\u00f6fte d\u00fckkan\u0131 i\u015fleten Hakan \u00c7ak\u0131r\u2019\u0131n, annesi Sevender \u00d6zkan \u00c7ak\u0131r ve k\u0131z karde\u015fi Melisa Nur \u00c7ak\u0131r (15), ge\u00e7en y\u0131l 10 A\u011fustos&#x27;ta d\u00fckkandan eve d\u00f6nerken sokak aras\u0131ndaki merdivende oturan Ahmet Emir Zeynal ve arkada\u015f\u0131 Umut K\u0131l\u0131n\u00e7 (19) ile yol verme meselesi nedeniyle tart\u0131\u015ft\u0131. Melisa Nur \u00c7ak\u0131r&#x27;\u0131n haber vermesi \u00fczerine gelen a\u011fabeyi Hakan \u00c7ak\u0131r ile Zeynal ve K\u0131l\u0131n\u00e7 aras\u0131nda kavga \u00e7\u0131kt\u0131. \u0130ki ailenin di\u011fer yak\u0131nlar\u0131n\u0131n da dahil olmas\u0131yla b\u00fcy\u00fcyen kavgada Hakan \u00c7ak\u0131r, b\u0131\u00e7aklanarak \u00f6ld\u00fcr\u00fcld\u00fc.<\/p>\n<p>Ankara 12\u2019nci A\u011f\u0131r Ceza Mahkemesi\u2019nde a\u00e7\u0131lan davan\u0131n 8 Nisan\u2019da g\u00f6r\u00fclen duru\u015fmas\u0131nda san\u0131klar hakk\u0131ndaki karar a\u00e7\u0131kland\u0131. Mahkeme heyeti, san\u0131klar Cemal Zeynal&#x27;a m\u00fcebbet ve 27 y\u0131l 1 ay 15 g\u00fcn, b\u00fcy\u00fck o\u011flu Ahmet Emir Zeynal&#x27;a m\u00fcebbet hapis ve 29 y\u0131l 2 ay, su\u00e7a s\u00fcr\u00fcklenen \u00e7ocuklar\u0131 B.S.Z.&#x27;ye 32 y\u0131l 7 ay, T.Y.Z.&#x27;ye ise 24 y\u0131l hapis cezas\u0131 verdi. Tutuksuz san\u0131k Umut K\u0131l\u0131n\u00e7 6 ay hapis cezas\u0131na \u00e7arpt\u0131r\u0131l\u0131rken, Hakan \u00c7ak\u0131r&#x27;\u0131n babas\u0131 \u015eahin \u00c7ak\u0131r&#x27;\u0131n beraatine karar verildi. Hakan \u00c7ak\u0131r\u2019\u0131n a\u011fabeyi Hakk\u0131 Can \u00c7ak\u0131r&#x27;a ise 10 bin TL para cezas\u0131 verilerek, h\u00fckm\u00fcn a\u00e7\u0131klanmas\u0131 geri b\u0131rak\u0131ld\u0131.<\/p>\n<p>\u2018M\u00dc\u015eTEREK FA\u0130L OLARAK HAREKET ETT\u0130KLER\u0130 KABUL ED\u0130LD\u0130\u2019<\/p>\n<p>San\u0131klar hakk\u0131nda verilen h\u00fckm\u00fcn gerek\u00e7esi a\u00e7\u0131kland\u0131&#8230;.<\/p>\n","protected":false},"excerpt":{"rendered":"<p>Ankara&#8217;n\u0131n Ke\u00e7i\u00f6ren il\u00e7esinde Hakan \u00c7ak\u0131r&#8217;\u0131n (23) \u00f6ld\u00fcr\u00fclmesine ili\u015fkin davada san\u0131klara verilen cezalar\u0131n gerek\u00e7esi a\u00e7\u0131kland\u0131. Gerek\u00e7ede, san\u0131klar\u0131n&#8230;<\/p>\n","protected":false},"author":2,"featured_media":30495,"comment_status":"open","ping_status":"open","sticky":false,"template":"","format":"standard","meta":{"footnotes":""},"categories":[8,6,5],"tags":[],"class_list":["post-30496","post","type-post","status-publish","format-standard","has-post-thumbnail","hentry","category-arsiv","category-gundem","category-son-dakika"],"_links":{"self":[{"href":"https:\/\/eskigazeteci.com\/index.php?rest_route=\/wp\/v2\/posts\/30496","targetHints":{"allow":["GET"]}}],"collection":[{"href":"https:\/\/eskigazeteci.com\/index.php?rest_route=\/wp\/v2\/posts"}],"about":[{"href":"https:\/\/eskigazeteci.com\/index.php?rest_route=\/wp\/v2\/types\/post"}],"author":[{"embeddable":true,"href":"https:\/\/eskigazeteci.com\/index.php?rest_route=\/wp\/v2\/users\/2"}],"replies":[{"embeddable":true,"href":"https:\/\/eskigazeteci.com\/index.php?rest_route=%2Fwp%2Fv2%2Fcomments&post=30496"}],"version-history":[{"count":0,"href":"https:\/\/eskigazeteci.com\/index.php?rest_route=\/wp\/v2\/posts\/30496\/revisions"}],"wp:featuredmedia":[{"embeddable":true,"href":"https:\/\/eskigazeteci.com\/index.php?rest_route=\/wp\/v2\/media\/30495"}],"wp:attachment":[{"href":"https:\/\/eskigazeteci.com\/index.php?rest_route=%2Fwp%2Fv2%2Fmedia&parent=30496"}],"wp:term":[{"taxonomy":"category","embeddable":true,"href":"https:\/\/eskigazeteci.com\/index.php?rest_route=%2Fwp%2Fv2%2Fcategories&post=30496"},{"taxonomy":"post_tag","embeddable":true,"href":"https:\/\/eskigazeteci.com\/index.php?rest_route=%2Fwp%2Fv2%2Ftags&post=30496"}],"curies":[{"name":"wp","href":"https:\/\/api.w.org\/{rel}","templated":true}]}}