{"id":30494,"date":"2026-04-29T11:56:16","date_gmt":"2026-04-29T11:56:16","guid":{"rendered":"https:\/\/eskigazeteci.com\/?p=30494"},"modified":"2026-04-29T11:56:16","modified_gmt":"2026-04-29T11:56:16","slug":"istinat-duvari-coktu-park-halindeki-arac-okul-bahcesine-suruklendi","status":"publish","type":"post","link":"https:\/\/eskigazeteci.com\/?p=30494","title":{"rendered":"\u0130stinat duvar\u0131 \u00e7\u00f6kt\u00fc: Park halindeki ara\u00e7 okul bah\u00e7esine s\u00fcr\u00fcklendi"},"content":{"rendered":"<p>Olay, d\u00fcn ak\u015fam saatlerinde \u00d6zg\u00fcrl\u00fck Mahallesi 224. Sokak\u2019ta meydana geldi. Sokak ile alt k\u0131sm\u0131ndaki Mevlana \u0130lkokulu&#x27;nun bah\u00e7esini ay\u0131ran istinat duvar\u0131 , hen\u00fcz bilinmeyen nedenle \u00e7\u00f6kt\u00fc. Sokaktaki kald\u0131r\u0131mda park halinde bulunan otomobil, kayan toprak k\u00fctlesi ile birlikte okulun bah\u00e7esine s\u00fcr\u00fcklendi; b\u00f6lgedeki elektrik dire\u011fi de devrildi. \u0130hbarla b\u00f6lgeye itfaiye, sa\u011fl\u0131k ve polis ekipleri sevk edildi. Ekipler, b\u00f6lgede g\u00fcvenlik \u00f6nlemi ald\u0131. Olayda herhangi bir can kayb\u0131 ya da yaralanma ya\u015fanmazken, elektrik da\u011f\u0131t\u0131m \u015firketi g\u00f6revlileri tedbir ama\u00e7l\u0131 b\u00f6lgedeki elektrik ak\u0131\u015f\u0131n\u0131 kesti.<\/p>\n<p>Olaya ili\u015fkin soru\u015fturma ba\u015flat\u0131ld\u0131.<\/p>\n<p>T\u00fcrkiye g\u00fcndeminden son dakika haberleri, bug\u00fcn ya\u015fanan en son geli\u015fmeler, siyaset g\u00fcndeminden g\u00fcncel haberler ve b\u00fct\u00fcn son dakika haberleri i\u00e7in H\u00fcrriyet&#x27;in internet haber sitesi hurriyet.com.tr; Hurriyet.com.tr haber i\u00e7erikleri kaynak g\u00f6sterilmeden al\u0131nt\u0131 yap\u0131lamaz, Kanuna ayk\u0131r\u0131 ve izinsiz olarak kopyalanamaz, ba\u015fka yerde yay\u0131nlanamaz.<\/p>\n","protected":false},"excerpt":{"rendered":"<p>Kocaeli&#8217;nin \u00c7ay\u0131rova il\u00e7esinde okulun bah\u00e7esini \u00e7evreleyen istinat duvar\u0131 \u00e7\u00f6kt\u00fc. Kayan toprakla birlikte park halindeki otomobil, okul bah\u00e7esine s\u00fcr\u00fcklendi.<\/p>\n","protected":false},"author":2,"featured_media":30493,"comment_status":"open","ping_status":"open","sticky":false,"template":"","format":"standard","meta":{"footnotes":""},"categories":[8,6,5],"tags":[],"class_list":["post-30494","post","type-post","status-publish","format-standard","has-post-thumbnail","hentry","category-arsiv","category-gundem","category-son-dakika"],"_links":{"self":[{"href":"https:\/\/eskigazeteci.com\/index.php?rest_route=\/wp\/v2\/posts\/30494","targetHints":{"allow":["GET"]}}],"collection":[{"href":"https:\/\/eskigazeteci.com\/index.php?rest_route=\/wp\/v2\/posts"}],"about":[{"href":"https:\/\/eskigazeteci.com\/index.php?rest_route=\/wp\/v2\/types\/post"}],"author":[{"embeddable":true,"href":"https:\/\/eskigazeteci.com\/index.php?rest_route=\/wp\/v2\/users\/2"}],"replies":[{"embeddable":true,"href":"https:\/\/eskigazeteci.com\/index.php?rest_route=%2Fwp%2Fv2%2Fcomments&post=30494"}],"version-history":[{"count":0,"href":"https:\/\/eskigazeteci.com\/index.php?rest_route=\/wp\/v2\/posts\/30494\/revisions"}],"wp:featuredmedia":[{"embeddable":true,"href":"https:\/\/eskigazeteci.com\/index.php?rest_route=\/wp\/v2\/media\/30493"}],"wp:attachment":[{"href":"https:\/\/eskigazeteci.com\/index.php?rest_route=%2Fwp%2Fv2%2Fmedia&parent=30494"}],"wp:term":[{"taxonomy":"category","embeddable":true,"href":"https:\/\/eskigazeteci.com\/index.php?rest_route=%2Fwp%2Fv2%2Fcategories&post=30494"},{"taxonomy":"post_tag","embeddable":true,"href":"https:\/\/eskigazeteci.com\/index.php?rest_route=%2Fwp%2Fv2%2Ftags&post=30494"}],"curies":[{"name":"wp","href":"https:\/\/api.w.org\/{rel}","templated":true}]}}