{"id":30492,"date":"2026-04-29T11:54:44","date_gmt":"2026-04-29T11:54:44","guid":{"rendered":"https:\/\/eskigazeteci.com\/?p=30492"},"modified":"2026-04-29T11:54:44","modified_gmt":"2026-04-29T11:54:44","slug":"trabzonsporun-genc-oyuncusu-oulainin-hayalleri-buyuk","status":"publish","type":"post","link":"https:\/\/eskigazeteci.com\/?p=30492","title":{"rendered":"Trabzonspor&#8217;un gen\u00e7 oyuncusu Oulai&#8217;nin hayalleri b\u00fcy\u00fck"},"content":{"rendered":"<p>Oulai, Trabzonspor Dergisi&#x27;nin bu ayki say\u0131s\u0131nda yer alan r\u00f6portajda, futbola \u00fclkesinde ba\u015flad\u0131\u011f\u0131n\u0131 belirterek, &quot;Yapabilece\u011fim en iyi i\u015fin \u00e7ok sevdi\u011fim futbol oldu\u011funa o ya\u015flarda inanm\u0131\u015ft\u0131m ve o y\u00fczden kararl\u0131yd\u0131m. Bir\u00e7ok anlamda zorluk ya\u015f\u0131yorduk ama m\u00fccadele etmekten hi\u00e7 vazge\u00e7medim, hep umut doluydum. Hayalim \u00fcst d\u00fczey bir profesyonel futbolcu olmakt\u0131 ve bu yolda ilerlemek i\u00e7in \u00e7ok \u00e7al\u0131\u015f\u0131yorum. Hala gen\u00e7 bir oyuncuyum, en iyisini ba\u015farmak i\u00e7in zaman\u0131m var.&quot; ifadelerini kulland\u0131.<\/p>\n<p>Trabzonspor &#x27;a transfer s\u00fcrecini de anlatan 20 ya\u015f\u0131ndaki futbolcu, \u015funlar\u0131 kaydetti: &quot;Trabzonspor projesi, benim i\u00e7in de\u011ferli bir projeydi \u00e7\u00fcnk\u00fc benim gibi bir\u00e7ok gen\u00e7 oyuncuya sahiptiler. Gen\u00e7lere g\u00fcveniyorlard\u0131. Direkt olarak bu fikir ho\u015fuma gitti. Teklifi \u00f6\u011frendi\u011fimde ve bu projedeki kararl\u0131l\u0131klar\u0131n\u0131 g\u00f6rd\u00fc\u011f\u00fcmde, imza atmam zor olmad\u0131. Buraya geldikten sonra ne kadar do\u011fru bir tercih yapt\u0131\u011f\u0131m\u0131 daha iyi anlad\u0131m, mutluyum.&quot;<\/p>\n<p>&quot;M\u0130LL\u0130 TAKIMDA OLMAK \u00c7OK B\u00dcY\u00dcK GURUR&quot; Fildi\u015fi Sahili Milli Tak\u0131m\u0131 Teknik Direkt\u00f6r\u00fc Emerse Fa&#x27;n\u0131n kendisi i\u00e7in &quot;Ba\u015fkalar\u0131ndan \u00f6nce olaylar\u0131 g\u00f6ren teknik bir orta saha oyuncusu.&quot; a\u00e7\u0131klamas\u0131na ili\u015fkin Oulai, \u015fu de\u011ferlendirmede bulundu:<\/p>\n<p>&quot;Milli tak\u0131mda olmak \u00e7ok b\u00fcy\u00fck bir gurur&#8230;.<\/p>\n","protected":false},"excerpt":{"rendered":"<p>Trabzonspor&#8217;un Fildi\u015fi Sahilli oyuncusu Christ Oulai, Futboldaki en b\u00fcy\u00fck hayalim hi\u00e7 de\u011fi\u015fmedi, oynad\u0131\u011f\u0131m kul\u00fcple \u015eampiyonlar Ligi&#8217;ni kazanmak ve \u00fclkeme,&#8230;<\/p>\n","protected":false},"author":2,"featured_media":30491,"comment_status":"open","ping_status":"open","sticky":false,"template":"","format":"standard","meta":{"footnotes":""},"categories":[8,5,7],"tags":[],"class_list":["post-30492","post","type-post","status-publish","format-standard","has-post-thumbnail","hentry","category-arsiv","category-son-dakika","category-spor"],"_links":{"self":[{"href":"https:\/\/eskigazeteci.com\/index.php?rest_route=\/wp\/v2\/posts\/30492","targetHints":{"allow":["GET"]}}],"collection":[{"href":"https:\/\/eskigazeteci.com\/index.php?rest_route=\/wp\/v2\/posts"}],"about":[{"href":"https:\/\/eskigazeteci.com\/index.php?rest_route=\/wp\/v2\/types\/post"}],"author":[{"embeddable":true,"href":"https:\/\/eskigazeteci.com\/index.php?rest_route=\/wp\/v2\/users\/2"}],"replies":[{"embeddable":true,"href":"https:\/\/eskigazeteci.com\/index.php?rest_route=%2Fwp%2Fv2%2Fcomments&post=30492"}],"version-history":[{"count":0,"href":"https:\/\/eskigazeteci.com\/index.php?rest_route=\/wp\/v2\/posts\/30492\/revisions"}],"wp:featuredmedia":[{"embeddable":true,"href":"https:\/\/eskigazeteci.com\/index.php?rest_route=\/wp\/v2\/media\/30491"}],"wp:attachment":[{"href":"https:\/\/eskigazeteci.com\/index.php?rest_route=%2Fwp%2Fv2%2Fmedia&parent=30492"}],"wp:term":[{"taxonomy":"category","embeddable":true,"href":"https:\/\/eskigazeteci.com\/index.php?rest_route=%2Fwp%2Fv2%2Fcategories&post=30492"},{"taxonomy":"post_tag","embeddable":true,"href":"https:\/\/eskigazeteci.com\/index.php?rest_route=%2Fwp%2Fv2%2Ftags&post=30492"}],"curies":[{"name":"wp","href":"https:\/\/api.w.org\/{rel}","templated":true}]}}