{"id":30490,"date":"2026-04-29T11:53:06","date_gmt":"2026-04-29T11:53:06","guid":{"rendered":"https:\/\/eskigazeteci.com\/?p=30490"},"modified":"2026-04-29T11:53:06","modified_gmt":"2026-04-29T11:53:06","slug":"deniz-suyu-evlere-kadar-geldi-2-siteyi-boyle-kurtaracaklar","status":"publish","type":"post","link":"https:\/\/eskigazeteci.com\/?p=30490","title":{"rendered":"Deniz suyu evlere kadar geldi: 2 siteyi b\u00f6yle kurtaracaklar"},"content":{"rendered":"<p>Karasu Mahallesi&#x27;nde dalgalar\u0131n neden oldu\u011fu erozyonla tahrip olan sahil ve burada bulunan tatil k\u00f6y\u00fc, villa ile havuz tesisinin bulundu\u011fu alanda, Ula\u015ft\u0131rma ve Altyap\u0131 Bakanl\u0131\u011f\u0131nca sahil koruma duvar\u0131 \u00e7al\u0131\u015fmas\u0131 ba\u015flat\u0131ld\u0131.<\/p>\n<p>Karasu Mahallesi Muhtar\u0131 \u015eefik K\u0131r, erozyonun \u00f6nlenmesine y\u00f6nelik giri\u015fimlerin ard\u0131ndan \u00e7al\u0131\u015fmalar\u0131n ba\u015flad\u0131\u011f\u0131n\u0131 s\u00f6yledi. K\u0131r, sahildeki \u00e7al\u0131\u015fman\u0131n k\u0131y\u0131 \u015feridi ve buradaki yap\u0131lara koruma kalkan\u0131 olaca\u011f\u0131n\u0131 belirterek, &quot;Bu projenin hayata ge\u00e7irilmesinin mimar\u0131 Zonguldak Milletvekili rahmetli Necmettin Ayd\u0131n&#x27;d\u0131. Karde\u015fi Ramazan Ayd\u0131n ile \u00e7al\u0131\u015fma yapt\u0131lar, biz de Ula\u015ft\u0131rma ve Altyap\u0131 Bakanl\u0131\u011f\u0131na ilettik. Bakanl\u0131k da sahillerimiz i\u00e7in koruma kalkan\u0131 olan projeyi hayata ge\u00e7irdi. Eme\u011fi ge\u00e7en herkese te\u015fekk\u00fcr ediyoruz.&quot; diye konu\u015ftu. Projenin detaylar\u0131 hakk\u0131nda bilgi veren K\u0131r, \u015funlar\u0131 kaydetti: &quot;\u00c7al\u0131\u015fma yer alt\u0131na 2,5 metre inecek ve y\u00fczeyde 2,5 metre y\u00fckselecek, toplamda 5 metre. Duvar\u0131n \u00f6n\u00fc arkas\u0131 ta\u015f dolgu ve kumla doldurularak plaj haline getirilecek. Belli yerlerden vatanda\u015fa giri\u015f \u00e7\u0131k\u0131\u015f merdiveni yap\u0131lacak. Proje sayesinde y\u0131k\u0131lma tehlikesiyle kar\u015f\u0131 kar\u015f\u0131ya kalan 2 site kurtulacak. 2 tatil k\u00f6y\u00fcn\u00fc koruyacak toplam 840 metre uzunlu\u011fundaki proje bitti\u011finde bir&#8230;<\/p>\n","protected":false},"excerpt":{"rendered":"<p>Sakarya&#8217;n\u0131n Karasu il\u00e7esinde erozyona u\u011frayan k\u0131y\u0131 \u015feridiyle zarar g\u00f6ren yap\u0131lar\u0131n g\u00fcvenli\u011fi, in\u015fas\u0131na ba\u015flanan sahil koruma duvar\u0131yla sa\u011flanacak. Karasu&#8230;<\/p>\n","protected":false},"author":2,"featured_media":30489,"comment_status":"open","ping_status":"open","sticky":false,"template":"","format":"standard","meta":{"footnotes":""},"categories":[8,6,5],"tags":[],"class_list":["post-30490","post","type-post","status-publish","format-standard","has-post-thumbnail","hentry","category-arsiv","category-gundem","category-son-dakika"],"_links":{"self":[{"href":"https:\/\/eskigazeteci.com\/index.php?rest_route=\/wp\/v2\/posts\/30490","targetHints":{"allow":["GET"]}}],"collection":[{"href":"https:\/\/eskigazeteci.com\/index.php?rest_route=\/wp\/v2\/posts"}],"about":[{"href":"https:\/\/eskigazeteci.com\/index.php?rest_route=\/wp\/v2\/types\/post"}],"author":[{"embeddable":true,"href":"https:\/\/eskigazeteci.com\/index.php?rest_route=\/wp\/v2\/users\/2"}],"replies":[{"embeddable":true,"href":"https:\/\/eskigazeteci.com\/index.php?rest_route=%2Fwp%2Fv2%2Fcomments&post=30490"}],"version-history":[{"count":0,"href":"https:\/\/eskigazeteci.com\/index.php?rest_route=\/wp\/v2\/posts\/30490\/revisions"}],"wp:featuredmedia":[{"embeddable":true,"href":"https:\/\/eskigazeteci.com\/index.php?rest_route=\/wp\/v2\/media\/30489"}],"wp:attachment":[{"href":"https:\/\/eskigazeteci.com\/index.php?rest_route=%2Fwp%2Fv2%2Fmedia&parent=30490"}],"wp:term":[{"taxonomy":"category","embeddable":true,"href":"https:\/\/eskigazeteci.com\/index.php?rest_route=%2Fwp%2Fv2%2Fcategories&post=30490"},{"taxonomy":"post_tag","embeddable":true,"href":"https:\/\/eskigazeteci.com\/index.php?rest_route=%2Fwp%2Fv2%2Ftags&post=30490"}],"curies":[{"name":"wp","href":"https:\/\/api.w.org\/{rel}","templated":true}]}}