{"id":30488,"date":"2026-04-29T11:51:34","date_gmt":"2026-04-29T11:51:34","guid":{"rendered":"https:\/\/eskigazeteci.com\/?p=30488"},"modified":"2026-04-29T11:51:34","modified_gmt":"2026-04-29T11:51:34","slug":"disisleri-bakani-hakan-fidan-avusturya-federal-avrupa-ve-uluslararasi-isler-bakani-meinl","status":"publish","type":"post","link":"https:\/\/eskigazeteci.com\/?p=30488","title":{"rendered":"D\u0131\u015fi\u015fleri Bakan\u0131 Hakan Fidan, Avusturya Federal Avrupa ve Uluslararas\u0131 \u0130\u015fler Bakan\u0131 Meinl"},"content":{"rendered":"<p>D\u0131\u015fi\u015fleri Bakan\u0131 Hakan Fidan, Avusturya ziyareti kapsam\u0131nda, Avusturya Federal Avrupa ve Uluslararas\u0131 \u0130\u015fler Bakan\u0131 Beate Meinl-Reisinger ile bir g\u00f6r\u00fc\u015fme&#8230;<\/p>\n","protected":false},"excerpt":{"rendered":"<p>D\u0131\u015fi\u015fleri Bakan\u0131 Hakan Fidan, Avusturya ziyareti kapsam\u0131nda, Avusturya Federal Avrupa ve Uluslararas\u0131 \u0130\u015fler Bakan\u0131 Beate Meinl-Reisinger ile bir g\u00f6r\u00fc\u015fme&#8230;<\/p>\n","protected":false},"author":2,"featured_media":30487,"comment_status":"open","ping_status":"open","sticky":false,"template":"","format":"standard","meta":{"footnotes":""},"categories":[8,6,5],"tags":[],"class_list":["post-30488","post","type-post","status-publish","format-standard","has-post-thumbnail","hentry","category-arsiv","category-gundem","category-son-dakika"],"_links":{"self":[{"href":"https:\/\/eskigazeteci.com\/index.php?rest_route=\/wp\/v2\/posts\/30488","targetHints":{"allow":["GET"]}}],"collection":[{"href":"https:\/\/eskigazeteci.com\/index.php?rest_route=\/wp\/v2\/posts"}],"about":[{"href":"https:\/\/eskigazeteci.com\/index.php?rest_route=\/wp\/v2\/types\/post"}],"author":[{"embeddable":true,"href":"https:\/\/eskigazeteci.com\/index.php?rest_route=\/wp\/v2\/users\/2"}],"replies":[{"embeddable":true,"href":"https:\/\/eskigazeteci.com\/index.php?rest_route=%2Fwp%2Fv2%2Fcomments&post=30488"}],"version-history":[{"count":0,"href":"https:\/\/eskigazeteci.com\/index.php?rest_route=\/wp\/v2\/posts\/30488\/revisions"}],"wp:featuredmedia":[{"embeddable":true,"href":"https:\/\/eskigazeteci.com\/index.php?rest_route=\/wp\/v2\/media\/30487"}],"wp:attachment":[{"href":"https:\/\/eskigazeteci.com\/index.php?rest_route=%2Fwp%2Fv2%2Fmedia&parent=30488"}],"wp:term":[{"taxonomy":"category","embeddable":true,"href":"https:\/\/eskigazeteci.com\/index.php?rest_route=%2Fwp%2Fv2%2Fcategories&post=30488"},{"taxonomy":"post_tag","embeddable":true,"href":"https:\/\/eskigazeteci.com\/index.php?rest_route=%2Fwp%2Fv2%2Ftags&post=30488"}],"curies":[{"name":"wp","href":"https:\/\/api.w.org\/{rel}","templated":true}]}}