{"id":30486,"date":"2026-04-29T11:50:00","date_gmt":"2026-04-29T11:50:00","guid":{"rendered":"https:\/\/eskigazeteci.com\/?p=30486"},"modified":"2026-04-29T11:50:00","modified_gmt":"2026-04-29T11:50:00","slug":"kurumlar-vergisi-beyannamesi-ne-zaman-odenecek-kurumlar-vergisi-odemeleri-hangi-gun-bitiyor","status":"publish","type":"post","link":"https:\/\/eskigazeteci.com\/?p=30486","title":{"rendered":"Kurumlar vergisi beyannamesi ne zaman \u00f6denecek? Kurumlar vergisi \u00f6demeleri hangi g\u00fcn bitiyor?"},"content":{"rendered":"<p>Kurumlar vergisinde beyan ve \u00f6deme tarihleri m\u00fckellefler taraf\u0131ndan ara\u015ft\u0131r\u0131l\u0131yor. 2025 hesap d\u00f6nemine y\u00f6nelik beyannameler a\u00e7\u0131klanan tarih do\u011frultusunda Gelir \u0130daresi Ba\u015fkanl\u0131\u011f\u0131na (G\u0130B) verilebilecek. Di\u011fer taraftan \u00f6zel hesap d\u00f6nemi tayin edilen kurumlar ise vergilerini, beyannamelerini verdikleri ilgili ay\u0131n sonuna kadar \u00f6deyebiliyor. \u0130\u015fte Kurumlar vergisi beyan ve son \u00f6deme tarihleri&#8230;<\/p>\n<p>Kurumlar vergisi m\u00fckellefi sermaye \u015firketleri, kooperatifler, iktisadi kamu kurulu\u015flar\u0131, dernek veya vak\u0131flara ait iktisadi i\u015fletmeler ile i\u015f ortakl\u0131klar\u0131 i\u00e7in beyanname d\u00f6nemi devam ediyor. Bu \u00e7er\u00e7evede, 2025 hesap d\u00f6nemine y\u00f6nelik beyannameler 30 Nisan Per\u015fembe g\u00fcn\u00fc sonuna kadar Gelir \u0130daresi Ba\u015fkanl\u0131\u011f\u0131na (G\u0130B) verilebilecek. Beyannamelere ili\u015fkin \u00f6demelerin de ayn\u0131 tarihe kadar yap\u0131lmas\u0131 gerekiyor. \u00d6te yandan, \u00f6zel hesap d\u00f6nemi tayin edilen kurumlar ise vergilerini, beyannamelerini verdikleri ilgili ay\u0131n sonuna kadar \u00f6deyebiliyor.<\/p>\n<p>Kurumlar vergisi m\u00fckellefi sermaye \u015firketleri, kooperatifler, iktisadi kamu kurulu\u015flar\u0131, dernek veya vak\u0131flara ait iktisadi i\u015fletmeler ile i\u015f ortakl\u0131klar\u0131 i\u00e7in beyanname d\u00f6nemi devam ediyor.<\/p>\n<p>Bu \u00e7er\u00e7evede, 2025 hesap d\u00f6nemine y\u00f6nelik beyannameler 30 Nisan&#8230;<\/p>\n","protected":false},"excerpt":{"rendered":"<p>Kurumlar vergisi son \u00f6deme tarihi, Nisan ay\u0131n\u0131n sonuna gelirken merak konusu oldu. Sermaye \u015firketleri, kooperatifler, iktisadi kamu kurulu\u015flar\u0131, dernek veya&#8230;<\/p>\n","protected":false},"author":2,"featured_media":30485,"comment_status":"open","ping_status":"open","sticky":false,"template":"","format":"standard","meta":{"footnotes":""},"categories":[8,6,5],"tags":[],"class_list":["post-30486","post","type-post","status-publish","format-standard","has-post-thumbnail","hentry","category-arsiv","category-gundem","category-son-dakika"],"_links":{"self":[{"href":"https:\/\/eskigazeteci.com\/index.php?rest_route=\/wp\/v2\/posts\/30486","targetHints":{"allow":["GET"]}}],"collection":[{"href":"https:\/\/eskigazeteci.com\/index.php?rest_route=\/wp\/v2\/posts"}],"about":[{"href":"https:\/\/eskigazeteci.com\/index.php?rest_route=\/wp\/v2\/types\/post"}],"author":[{"embeddable":true,"href":"https:\/\/eskigazeteci.com\/index.php?rest_route=\/wp\/v2\/users\/2"}],"replies":[{"embeddable":true,"href":"https:\/\/eskigazeteci.com\/index.php?rest_route=%2Fwp%2Fv2%2Fcomments&post=30486"}],"version-history":[{"count":0,"href":"https:\/\/eskigazeteci.com\/index.php?rest_route=\/wp\/v2\/posts\/30486\/revisions"}],"wp:featuredmedia":[{"embeddable":true,"href":"https:\/\/eskigazeteci.com\/index.php?rest_route=\/wp\/v2\/media\/30485"}],"wp:attachment":[{"href":"https:\/\/eskigazeteci.com\/index.php?rest_route=%2Fwp%2Fv2%2Fmedia&parent=30486"}],"wp:term":[{"taxonomy":"category","embeddable":true,"href":"https:\/\/eskigazeteci.com\/index.php?rest_route=%2Fwp%2Fv2%2Fcategories&post=30486"},{"taxonomy":"post_tag","embeddable":true,"href":"https:\/\/eskigazeteci.com\/index.php?rest_route=%2Fwp%2Fv2%2Ftags&post=30486"}],"curies":[{"name":"wp","href":"https:\/\/api.w.org\/{rel}","templated":true}]}}