{"id":30480,"date":"2026-04-29T11:45:19","date_gmt":"2026-04-29T11:45:19","guid":{"rendered":"https:\/\/eskigazeteci.com\/?p=30480"},"modified":"2026-04-29T11:45:19","modified_gmt":"2026-04-29T11:45:19","slug":"galatasarayin-basarisinda-yerli-oyuncularin-payi-buyuk","status":"publish","type":"post","link":"https:\/\/eskigazeteci.com\/?p=30480","title":{"rendered":"Galatasaray&#8217;\u0131n ba\u015far\u0131s\u0131nda yerli oyuncular\u0131n pay\u0131 b\u00fcy\u00fck"},"content":{"rendered":"<p>Teknik direkt\u00f6r Okan Buruk y\u00f6netiminde bu sezon Trendyol S\u00fcper Lig, UEFA \u015eampiyonlar Ligi, Ziraat T\u00fcrkiye Kupas\u0131 ve TFF S\u00fcper Kupa&#x27;da m\u00fccadele eden Galatasaray , yerli futbolcular\u0131n\u0131n katk\u0131lar\u0131yla ba\u015far\u0131l\u0131 bir d\u00f6nem ge\u00e7iriyor.<\/p>\n<p>Son olarak derbide Fenerbah\u00e7e &#x27;yi 3-0 ma\u011flup eden Galatasaray, 32. haftada Samsunspor&#x27;a konuk olaca\u011f\u0131 ma\u00e7\u0131 kazanmas\u0131 durumunda Trendyol S\u00fcper Lig&#x27;de \u00fcst \u00fcste 4, toplamda ise 26. \u015fampiyonlu\u011fa ula\u015facak.<\/p>\n<p>T\u00fcrkiye Kupas\u0131 ve TFF S\u00fcper Kupa&#x27;da istedi\u011fini elde edemeyen sar\u0131 k\u0131rm\u0131z\u0131l\u0131 ekip, UEFA \u015eampiyonlar Ligi&#x27;nde ise son 16 turuna y\u00fckselme ba\u015far\u0131s\u0131 g\u00f6sterdi.<\/p>\n<p>\u015eu anda S\u00fcper Lig&#x27;de en yak\u0131n takip\u00e7isi Fenerbah\u00e7e&#x27;ye 7 puan fark atan Galatasaray&#x27;da yerli oyuncular\u0131n performans\u0131 bu sezonki ba\u015far\u0131larda etkili oldu.<\/p>\n<p>EN \u0130ST\u0130KRARLISI ABD\u00dcLKER\u0130M BARDAKCI Galatasaray&#x27;\u0131n milli oyuncusu Abd\u00fclkerim Bardakc\u0131, sar\u0131 k\u0131rm\u0131z\u0131l\u0131larda t\u00fcm futbolcular aras\u0131nda en fazla s\u00fcre alan isim konumunda bulunuyor.<\/p>\n<p>Bu sezon 28 S\u00fcper Lig, 11 \u015eampiyonlar Ligi ve iki\u015fer T\u00fcrkiye Kupas\u0131 ile TFF S\u00fcper Kupa m\u00fcsabakas\u0131nda g\u00f6rev alan Abd\u00fclkerim, toplamda 3 bin 565 dakika sahada kald\u0131.<\/p>\n<p>Arjantinli Mauro Icardi&#x27;nin ard\u0131ndan tak\u0131m\u0131n ikinci kaptanl\u0131\u011f\u0131n\u0131 \u00fcstlenen tecr\u00fcbeli oyuncu, savunma performans\u0131n\u0131n&#8230;<\/p>\n","protected":false},"excerpt":{"rendered":"<p>Galatasaray&#8217;\u0131n sezon ba\u015f\u0131ndan beri g\u00f6sterdi\u011fi ba\u015far\u0131l\u0131 performansta yerli oyuncular\u0131n pay\u0131 b\u00fcy\u00fck oldu.<\/p>\n","protected":false},"author":2,"featured_media":30479,"comment_status":"open","ping_status":"open","sticky":false,"template":"","format":"standard","meta":{"footnotes":""},"categories":[8,5,7],"tags":[],"class_list":["post-30480","post","type-post","status-publish","format-standard","has-post-thumbnail","hentry","category-arsiv","category-son-dakika","category-spor"],"_links":{"self":[{"href":"https:\/\/eskigazeteci.com\/index.php?rest_route=\/wp\/v2\/posts\/30480","targetHints":{"allow":["GET"]}}],"collection":[{"href":"https:\/\/eskigazeteci.com\/index.php?rest_route=\/wp\/v2\/posts"}],"about":[{"href":"https:\/\/eskigazeteci.com\/index.php?rest_route=\/wp\/v2\/types\/post"}],"author":[{"embeddable":true,"href":"https:\/\/eskigazeteci.com\/index.php?rest_route=\/wp\/v2\/users\/2"}],"replies":[{"embeddable":true,"href":"https:\/\/eskigazeteci.com\/index.php?rest_route=%2Fwp%2Fv2%2Fcomments&post=30480"}],"version-history":[{"count":0,"href":"https:\/\/eskigazeteci.com\/index.php?rest_route=\/wp\/v2\/posts\/30480\/revisions"}],"wp:featuredmedia":[{"embeddable":true,"href":"https:\/\/eskigazeteci.com\/index.php?rest_route=\/wp\/v2\/media\/30479"}],"wp:attachment":[{"href":"https:\/\/eskigazeteci.com\/index.php?rest_route=%2Fwp%2Fv2%2Fmedia&parent=30480"}],"wp:term":[{"taxonomy":"category","embeddable":true,"href":"https:\/\/eskigazeteci.com\/index.php?rest_route=%2Fwp%2Fv2%2Fcategories&post=30480"},{"taxonomy":"post_tag","embeddable":true,"href":"https:\/\/eskigazeteci.com\/index.php?rest_route=%2Fwp%2Fv2%2Ftags&post=30480"}],"curies":[{"name":"wp","href":"https:\/\/api.w.org\/{rel}","templated":true}]}}