{"id":30458,"date":"2026-04-29T10:53:45","date_gmt":"2026-04-29T10:53:45","guid":{"rendered":"https:\/\/eskigazeteci.com\/?p=30458"},"modified":"2026-04-29T10:53:45","modified_gmt":"2026-04-29T10:53:45","slug":"domenico-tedesco-gitti-mi-turkiyeden-ne-zaman-ayrilacak-istanbuldan-ayrilacagi-tarih-belli-oldu","status":"publish","type":"post","link":"https:\/\/eskigazeteci.com\/?p=30458","title":{"rendered":"Domenico Tedesco gitti mi, T\u00fcrkiye&#8217;den ne zaman ayr\u0131lacak? \u0130stanbul&#8217;dan ayr\u0131laca\u011f\u0131 tarih belli oldu!"},"content":{"rendered":"<p>Fenerbah\u00e7e Spor Kul\u00fcb\u00fc\u2019nde 2025 A\u011fustos ay\u0131nda Jose Mourinho\u2019nun ard\u0131ndan g\u00f6reve getirilen ve yakla\u015f\u0131k sekiz ay boyunca tak\u0131m\u0131n ba\u015f\u0131nda kalan Domenico Tedesco, 2026 y\u0131l\u0131n\u0131n Nisan ay\u0131 sonunda \u0130stanbul\u2019a veda etmeye haz\u0131rlan\u0131yor. 27 Nisan gecesi al\u0131nan y\u00f6netim kurulu karar\u0131yla g\u00f6revine son verilen teknik adam\u0131n, sadece saha sonu\u00e7lar\u0131 de\u011fil, kul\u00fcp i\u00e7i yap\u0131lanma s\u00fcreci de bu ayr\u0131l\u0131kla birlikte tamamen durduruldu. Peki, Domenico Tedesco gitti mi, T\u00fcrkiye&#x27;den ne zaman ayr\u0131lacak?<\/p>\n<p>Fenerbah\u00e7e Spor Kul\u00fcb\u00fc\u2019nde 2025 A\u011fustos ay\u0131nda Jose Mourinho\u2019nun ard\u0131ndan g\u00f6reve getirilen ve yakla\u015f\u0131k sekiz ay boyunca tak\u0131m\u0131n ba\u015f\u0131nda kalan Domenico Tedesco, 2026 y\u0131l\u0131n\u0131n Nisan ay\u0131 sonunda \u0130stanbul\u2019a veda etmeye haz\u0131rlan\u0131yor. 27 Nisan gecesi al\u0131nan y\u00f6netim kurulu karar\u0131yla g\u00f6revine son verilen teknik adam\u0131n, sadece saha sonu\u00e7lar\u0131 de\u011fil, kul\u00fcp i\u00e7i yap\u0131lanma s\u00fcreci de bu ayr\u0131l\u0131kla birlikte tamamen durduruldu. Peki, Domenico Tedesco gitti mi, T\u00fcrkiye&#x27;den ne zaman ayr\u0131lacak?<\/p>\n<p>Fenerbah\u00e7e ile olan yasal ba\u011flar\u0131 tamamen kopan Domenico Tedesco&#x27;nun \u0130stanbul&#x27;dan ayr\u0131laca\u011f\u0131 tarih 1 May\u0131s 2026 Cuma g\u00fcn\u00fc olarak a\u00e7\u0131kland\u0131. Gelen son dakika bilgilerine g\u00f6re; ba\u015far\u0131l\u0131 teknik adam\u0131n Cuma g\u00fcn\u00fc saat 12.20\u2019de kalkacak olan&#8230;<\/p>\n","protected":false},"excerpt":{"rendered":"<p>Fenerbah\u00e7e&#8217;de ge\u00e7ti\u011fimiz g\u00fcnlerde ya\u015fanan Galatasaray derbisi ma\u011flubiyetinin ard\u0131ndan beklenen ayr\u0131l\u0131k karar\u0131 resmile\u015fti ve teknik direkt\u00f6r Domenico Tedesco&#8230;<\/p>\n","protected":false},"author":2,"featured_media":30457,"comment_status":"open","ping_status":"open","sticky":false,"template":"","format":"standard","meta":{"footnotes":""},"categories":[5,7],"tags":[],"class_list":["post-30458","post","type-post","status-publish","format-standard","has-post-thumbnail","hentry","category-son-dakika","category-spor"],"_links":{"self":[{"href":"https:\/\/eskigazeteci.com\/index.php?rest_route=\/wp\/v2\/posts\/30458","targetHints":{"allow":["GET"]}}],"collection":[{"href":"https:\/\/eskigazeteci.com\/index.php?rest_route=\/wp\/v2\/posts"}],"about":[{"href":"https:\/\/eskigazeteci.com\/index.php?rest_route=\/wp\/v2\/types\/post"}],"author":[{"embeddable":true,"href":"https:\/\/eskigazeteci.com\/index.php?rest_route=\/wp\/v2\/users\/2"}],"replies":[{"embeddable":true,"href":"https:\/\/eskigazeteci.com\/index.php?rest_route=%2Fwp%2Fv2%2Fcomments&post=30458"}],"version-history":[{"count":0,"href":"https:\/\/eskigazeteci.com\/index.php?rest_route=\/wp\/v2\/posts\/30458\/revisions"}],"wp:featuredmedia":[{"embeddable":true,"href":"https:\/\/eskigazeteci.com\/index.php?rest_route=\/wp\/v2\/media\/30457"}],"wp:attachment":[{"href":"https:\/\/eskigazeteci.com\/index.php?rest_route=%2Fwp%2Fv2%2Fmedia&parent=30458"}],"wp:term":[{"taxonomy":"category","embeddable":true,"href":"https:\/\/eskigazeteci.com\/index.php?rest_route=%2Fwp%2Fv2%2Fcategories&post=30458"},{"taxonomy":"post_tag","embeddable":true,"href":"https:\/\/eskigazeteci.com\/index.php?rest_route=%2Fwp%2Fv2%2Ftags&post=30458"}],"curies":[{"name":"wp","href":"https:\/\/api.w.org\/{rel}","templated":true}]}}